{"id":25700,"date":"2025-03-21T14:44:12","date_gmt":"2025-03-21T11:44:12","guid":{"rendered":"https:\/\/www.egemtv.com\/?p=25700"},"modified":"2025-03-21T14:44:17","modified_gmt":"2025-03-21T11:44:17","slug":"salihlide-ogrenciler-baharin-gelisini-kutladi","status":"publish","type":"post","link":"https:\/\/www.egemtv.com\/?p=25700","title":{"rendered":"Salihli\u2019de \u00f6\u011frenciler bahar\u0131n geli\u015fini kutlad\u0131"},"content":{"rendered":"<p>Manisa\u2019n\u0131n Salihli il\u00e7esinde \u00f6\u011frenciler haz\u0131rlad\u0131klar\u0131 g\u00f6sterilerle bahar\u0131n geli\u015fini co\u015fkuyla kutlad\u0131.<br \/>\n<br \/>Manisa\u2019n\u0131n Salihli il\u00e7esindeki Milli Egemenlik Ortaokulu \u00f6\u011frencileri, bahar\u0131n geli\u015fini co\u015fkulu bir t\u00f6renle kutland\u0131. T\u00f6rende konu\u015fan Milli Egemenlik Ortaokulu M\u00fcd\u00fcr\u00fc Merdan \u00c7ak\u0131r, 21 Mart Nevruz g\u00fcn\u00fcn\u00fc i\u00e7ine alan haftan\u0131n T\u00fcrk D\u00fcnyas\u0131 ve Topluluklar\u0131 Haftas\u0131 olarak kutland\u0131\u011f\u0131n\u0131 belirterek, &#8220;Toplumlarda bar\u0131\u015f, karde\u015flik, kar\u015f\u0131l\u0131kl\u0131 sevgi, sayg\u0131 ve ho\u015fg\u00f6r\u00fc gibi evrensel de\u011ferlerin hakim olmas\u0131nda ortak k\u00fclt\u00fcrel de\u011ferlerin \u00f6nemi b\u00fcy\u00fckt\u00fcr. \u0130\u015fte bahar\u0131n m\u00fcjdecisi olarak kabul edilen Nevruz Bayram\u0131 da payla\u015f\u0131mc\u0131 ve b\u00fct\u00fcnle\u015ftirici niteli\u011fiyle engin T\u00fcrk co\u011frafyas\u0131nda ya\u015fayan t\u00fcm topluluklar taraf\u0131ndan binlerce y\u0131ld\u0131r b\u00fcy\u00fck bir co\u015fkuyla kutlanmaktad\u0131r.. Nevruz, T\u00fcrk\u00fcn yeniden tarih sahnesine \u00e7\u0131k\u0131\u015f\u0131n\u0131, esaretin asla kabul edilemeyece\u011fini, da\u011flar\u0131n y\u0131rt\u0131l\u0131p engin co\u011frafyalara ta\u015f\u0131naca\u011f\u0131n\u0131 ifade eden binlerce y\u0131ll\u0131k T\u00fcrk bayram\u0131d\u0131r. Bahar\u0131n m\u00fcjdecisi ve topra\u011f\u0131n uyan\u0131\u015f\u0131n\u0131n bayram\u0131 olan bu g\u00fcn, birli\u011fimizin yeg\u00e2ne unsuru olarak durmaktad\u0131r. Cumhuriyetimizin kurucusu Atat\u00fcrk de \u2019Dili bir, inanc\u0131 bir, \u00f6z\u00fc bir soyda\u015flar\u0131m\u0131za sahip \u00e7\u0131kmal\u0131y\u0131z\u2019 diyerek 1922\u2019de Ankara\u2019da d\u00fczenlenen Nevruz kutlamalar\u0131na kat\u0131lm\u0131\u015ft\u0131r.  Nevruz program\u0131n\u0131n haz\u0131rlanmas\u0131nda eme\u011fi ge\u00e7en t\u00fcm \u00f6\u011fretmen ve \u00f6\u011frencilerim ile piyano konseri sunan \u00f6zel \u00f6\u011frencimiz G\u00f6rkem \u00c7\u0131nar \u00c7elik\u2019e te\u015fekk\u00fcr eder, Nevruz (\u0130lkyaz) Bayram\u0131m\u0131z\u0131 kutlar\u0131m&#8221; dedi.<br \/>\n<br \/>Programda, \u015fiirler, oratoryo ve m\u00fczik g\u00f6sterilerinin yan\u0131 s\u0131ra nevruz geleneklerinden olan yumurta toku\u015fturma ve semeni dans\u0131 yer ald\u0131.<br \/><\/p>\n","protected":false},"excerpt":{"rendered":"<p>Manisa\u2019n\u0131n Salihli il\u00e7esinde \u00f6\u011frenciler haz\u0131rlad\u0131klar\u0131 g\u00f6sterilerle bahar\u0131n geli\u015fini co\u015fkuyla kutlad\u0131. Manisa\u2019n\u0131n Salihli il\u00e7esindeki Milli Egemenlik Ortaokulu \u00f6\u011frencileri, bahar\u0131n geli\u015fini co\u015fkulu bir t\u00f6renle kutland\u0131. T\u00f6rende konu\u015fan Milli Egemenlik Ortaokulu M\u00fcd\u00fcr\u00fc Merdan \u00c7ak\u0131r, 21 Mart Nevruz g\u00fcn\u00fcn\u00fc i\u00e7ine alan haftan\u0131n T\u00fcrk D\u00fcnyas\u0131 ve Topluluklar\u0131 Haftas\u0131 olarak kutland\u0131\u011f\u0131n\u0131 belirterek, &#8220;Toplumlarda bar\u0131\u015f, karde\u015flik, kar\u015f\u0131l\u0131kl\u0131 sevgi, sayg\u0131 ve ho\u015fg\u00f6r\u00fc gibi&#8230;<\/p>\n","protected":false},"author":1,"featured_media":25701,"comment_status":"open","ping_status":"open","sticky":false,"template":"","format":"standard","meta":{"_crdt_document":"","footnotes":""},"categories":[1],"tags":[],"class_list":["post-25700","post","type-post","status-publish","format-standard","has-post-thumbnail","hentry","category-guncel"],"_links":{"self":[{"href":"https:\/\/www.egemtv.com\/index.php?rest_route=\/wp\/v2\/posts\/25700","targetHints":{"allow":["GET"]}}],"collection":[{"href":"https:\/\/www.egemtv.com\/index.php?rest_route=\/wp\/v2\/posts"}],"about":[{"href":"https:\/\/www.egemtv.com\/index.php?rest_route=\/wp\/v2\/types\/post"}],"author":[{"embeddable":true,"href":"https:\/\/www.egemtv.com\/index.php?rest_route=\/wp\/v2\/users\/1"}],"replies":[{"embeddable":true,"href":"https:\/\/www.egemtv.com\/index.php?rest_route=%2Fwp%2Fv2%2Fcomments&post=25700"}],"version-history":[{"count":1,"href":"https:\/\/www.egemtv.com\/index.php?rest_route=\/wp\/v2\/posts\/25700\/revisions"}],"predecessor-version":[{"id":25702,"href":"https:\/\/www.egemtv.com\/index.php?rest_route=\/wp\/v2\/posts\/25700\/revisions\/25702"}],"wp:featuredmedia":[{"embeddable":true,"href":"https:\/\/www.egemtv.com\/index.php?rest_route=\/wp\/v2\/media\/25701"}],"wp:attachment":[{"href":"https:\/\/www.egemtv.com\/index.php?rest_route=%2Fwp%2Fv2%2Fmedia&parent=25700"}],"wp:term":[{"taxonomy":"category","embeddable":true,"href":"https:\/\/www.egemtv.com\/index.php?rest_route=%2Fwp%2Fv2%2Fcategories&post=25700"},{"taxonomy":"post_tag","embeddable":true,"href":"https:\/\/www.egemtv.com\/index.php?rest_route=%2Fwp%2Fv2%2Ftags&post=25700"}],"curies":[{"name":"wp","href":"https:\/\/api.w.org\/{rel}","templated":true}]}}