{"id":25697,"date":"2025-03-21T14:44:08","date_gmt":"2025-03-21T11:44:08","guid":{"rendered":"https:\/\/www.egemtv.com\/?p=25697"},"modified":"2025-03-21T14:44:12","modified_gmt":"2025-03-21T11:44:12","slug":"albay-yagan-teror-belasi-kahraman-guvenlik-guclerimiz-tarafindan-buyuk-olcude-bertaraf-edilmistir","status":"publish","type":"post","link":"https:\/\/www.egemtv.com\/?p=25697","title":{"rendered":"Albay Ya\u011fan: &#8220;Ter\u00f6r belas\u0131 kahraman g\u00fcvenlik g\u00fc\u00e7lerimiz taraf\u0131ndan b\u00fcy\u00fck \u00f6l\u00e7\u00fcde bertaraf edilmi\u015ftir&#8221;"},"content":{"rendered":"<p>Afyonkarahisar \u0130l Jandarma Komutan\u0131 Albay Tolga Ya\u011fan, ter\u00f6rle m\u00fccadelede \u015fehit ve gazilerimizin fedak\u00e2rl\u0131klar\u0131na dikkat \u00e7ekerek, &#8220;40 y\u0131la a\u015fk\u0131n s\u00fcredir bu milletin huzuruna kasteden ter\u00f6r belas\u0131, t\u0131pk\u0131 \u00c7anakkale\u2019de d\u00fc\u015fman\u0131 denize d\u00f6ken irade gibi, bug\u00fcn kahraman g\u00fcvenlik g\u00fc\u00e7lerimiz taraf\u0131ndan b\u00fcy\u00fck \u00f6l\u00e7\u00fcde bertaraf edilmi\u015ftir&#8221; dedi.<br \/>\n<br \/>Afyonkarahisar \u0130l Jandarma Komutanl\u0131\u011f\u0131 Ramazan ay\u0131 vesilesiyle \u015fehit aileleri ile gaziler ve ailelerine iftar verdi. Kur\u2019a-\u0131 Kerim tilaveti sonras\u0131 Albay Ya\u011fan bir konu\u015fma yapt\u0131. Konu\u015fmas\u0131nda \u015fehit ve gazilerin her daim T\u00fcrk milletinin kalbinde oldu\u011funu belirten Albay Ya\u011fan, &#8220;Bug\u00fcn burada, vatan\u0131m\u0131z\u0131n ba\u011f\u0131ms\u0131zl\u0131\u011f\u0131 ve milletimizin huzuru i\u00e7in en de\u011ferli varl\u0131klar\u0131n\u0131, evlatlar\u0131n\u0131, e\u015flerini, karde\u015flerini ve sevdiklerini bu kutsal topraklar u\u011fruna \u015fehit veren siz k\u0131ymetli ailelerimiz ve kahraman gazilerimizle bir araya gelmekten onur ve gurur duyuyoruz. Aziz \u015fehitlerimiz, bu vatan\u0131n her bir kar\u0131\u015f\u0131nda ebedi istirahatgahlar\u0131n\u0131 bulmu\u015f, milletimizin kalbinde ise her daim ya\u015famaya devam etmektedir. Onlar\u0131n fedakarl\u0131klar\u0131 sayesinde bug\u00fcn burada bir araday\u0131z. Evlatlar\u0131n\u0131z, bizim evlatlar\u0131m\u0131zd\u0131r. Onlar\u0131n hat\u0131ras\u0131, milletimizin en de\u011ferli emaneti olarak daima korunacak, ya\u015fat\u0131lacakt\u0131r. Ter\u00f6rle m\u00fccadelede \u015fehit ve gazilerimizin fedak\u00e2rl\u0131klar\u0131 her daim hat\u0131rlanacakt\u0131r. 40 y\u0131la a\u015fk\u0131n s\u00fcredir bu milletin huzuruna kasteden ter\u00f6r belas\u0131, t\u0131pk\u0131 \u00c7anakkale\u2019de d\u00fc\u015fman\u0131 denize d\u00f6ken irade gibi, bug\u00fcn kahraman g\u00fcvenlik g\u00fc\u00e7lerimiz taraf\u0131ndan b\u00fcy\u00fck \u00f6l\u00e7\u00fcde bertaraf edilmi\u015ftir. Bu b\u00fcy\u00fck zafer, kahraman \u015fehitlerimizin, gazilerimizin ve vatan u\u011fruna can\u0131n\u0131 siper eden t\u00fcm kahramanlar\u0131m\u0131z\u0131n fedakarl\u0131klar\u0131yla kazan\u0131lm\u0131\u015ft\u0131r. Ter\u00f6rle m\u00fccadelede elde edilen \u00fcst\u00fcn ba\u015far\u0131lar sayesinde vatan\u0131n her kar\u0131\u015f topra\u011f\u0131nda tesis edilen huzur ve asayi\u015f, bug\u00fcn\u00fc daha g\u00fc\u00e7l\u00fc, gelece\u011fi daha g\u00fcvenli k\u0131lmaktad\u0131r. Jandarma te\u015fkilat\u0131 olarak milletimizin g\u00fcvenli\u011fi i\u00e7in, bayra\u011f\u0131m\u0131z\u0131n dalgalanmas\u0131 i\u00e7in her daim g\u00f6revimizin ba\u015f\u0131nday\u0131z. Bu duygu ve d\u00fc\u015f\u00fcncelerle ba\u015fta Gazi Mustafa Kemal Atat\u00fcrk ve onun kahraman silah arkada\u015flar\u0131 olmak \u00fczere, 18 Mart \u00c7anakkale Zaferinden bug\u00fcne kadar vatan u\u011fruna canlar\u0131n\u0131 feda eden t\u00fcm kahraman \u015eehitlerimizi rahmet, minnet ve sayg\u0131yla an\u0131yor, kahraman Gazilerimize \u015f\u00fckranlar\u0131m\u0131 sunuyorum&#8221; \u015feklinde konu\u015ftu.<br \/>\n<br \/>Programa \u0130kmal ve Garnizon Komutan\u0131 Tu\u011fgeneral Fatih Da\u011fl\u0131, Cumhuriyet Ba\u015fsavc\u0131s\u0131 Fatih Karabacak, Adli Yarg\u0131 Adalet Komisyonu Ba\u015fkan ve 2. ACM Ba\u015fkan\u0131 Fatih Serdar K\u00f6ken, \u0130dare Mahkemesi Ba\u015fkan\u0131 Yasin Ayna, \u015fehitlerimizin aileleri, gaziler ve aileleri kat\u0131ld\u0131.<br \/><\/p>\n","protected":false},"excerpt":{"rendered":"<p>Afyonkarahisar \u0130l Jandarma Komutan\u0131 Albay Tolga Ya\u011fan, ter\u00f6rle m\u00fccadelede \u015fehit ve gazilerimizin fedak\u00e2rl\u0131klar\u0131na dikkat \u00e7ekerek, &#8220;40 y\u0131la a\u015fk\u0131n s\u00fcredir bu milletin huzuruna kasteden ter\u00f6r belas\u0131, t\u0131pk\u0131 \u00c7anakkale\u2019de d\u00fc\u015fman\u0131 denize d\u00f6ken irade gibi, bug\u00fcn kahraman g\u00fcvenlik g\u00fc\u00e7lerimiz taraf\u0131ndan b\u00fcy\u00fck \u00f6l\u00e7\u00fcde bertaraf edilmi\u015ftir&#8221; dedi. Afyonkarahisar \u0130l Jandarma Komutanl\u0131\u011f\u0131 Ramazan ay\u0131 vesilesiyle \u015fehit aileleri ile gaziler ve ailelerine&#8230;<\/p>\n","protected":false},"author":1,"featured_media":25698,"comment_status":"open","ping_status":"open","sticky":false,"template":"","format":"standard","meta":{"_crdt_document":"","footnotes":""},"categories":[1],"tags":[],"class_list":["post-25697","post","type-post","status-publish","format-standard","has-post-thumbnail","hentry","category-guncel"],"_links":{"self":[{"href":"https:\/\/www.egemtv.com\/index.php?rest_route=\/wp\/v2\/posts\/25697","targetHints":{"allow":["GET"]}}],"collection":[{"href":"https:\/\/www.egemtv.com\/index.php?rest_route=\/wp\/v2\/posts"}],"about":[{"href":"https:\/\/www.egemtv.com\/index.php?rest_route=\/wp\/v2\/types\/post"}],"author":[{"embeddable":true,"href":"https:\/\/www.egemtv.com\/index.php?rest_route=\/wp\/v2\/users\/1"}],"replies":[{"embeddable":true,"href":"https:\/\/www.egemtv.com\/index.php?rest_route=%2Fwp%2Fv2%2Fcomments&post=25697"}],"version-history":[{"count":1,"href":"https:\/\/www.egemtv.com\/index.php?rest_route=\/wp\/v2\/posts\/25697\/revisions"}],"predecessor-version":[{"id":25699,"href":"https:\/\/www.egemtv.com\/index.php?rest_route=\/wp\/v2\/posts\/25697\/revisions\/25699"}],"wp:featuredmedia":[{"embeddable":true,"href":"https:\/\/www.egemtv.com\/index.php?rest_route=\/wp\/v2\/media\/25698"}],"wp:attachment":[{"href":"https:\/\/www.egemtv.com\/index.php?rest_route=%2Fwp%2Fv2%2Fmedia&parent=25697"}],"wp:term":[{"taxonomy":"category","embeddable":true,"href":"https:\/\/www.egemtv.com\/index.php?rest_route=%2Fwp%2Fv2%2Fcategories&post=25697"},{"taxonomy":"post_tag","embeddable":true,"href":"https:\/\/www.egemtv.com\/index.php?rest_route=%2Fwp%2Fv2%2Ftags&post=25697"}],"curies":[{"name":"wp","href":"https:\/\/api.w.org\/{rel}","templated":true}]}}