{"id":25694,"date":"2025-03-21T14:23:20","date_gmt":"2025-03-21T11:23:20","guid":{"rendered":"https:\/\/www.egemtv.com\/?p=25694"},"modified":"2025-03-21T14:23:24","modified_gmt":"2025-03-21T11:23:24","slug":"yorukler-iftar-sofrasinda-bir-araya-geldi","status":"publish","type":"post","link":"https:\/\/www.egemtv.com\/?p=25694","title":{"rendered":"Y\u00f6r\u00fckler iftar sofras\u0131nda bir araya geldi"},"content":{"rendered":"<p>Denizli Y\u00f6r\u00fckleri Derne\u011fi taraf\u0131ndan bu y\u0131l 10. kez organize edilen mevlit program\u0131, bu y\u0131l Fatih Kapal\u0131 Pazaryerinde verilen 4 bin ki\u015filik iftarla ger\u00e7ekle\u015ftirildi.<\/p>\n<p>Denizli Y\u00f6r\u00fckleri Derne\u011fi taraf\u0131ndan her y\u0131l 18 Mart \u00c7anakkale Zaferi y\u0131ld\u00f6n\u00fcm\u00fcnde t\u00fcm \u015fehitler i\u00e7in okutulan mevlit gelene\u011fi bu y\u0131lda devam etti. 18 Mart g\u00fcn\u00fcn Ramazan\u2019a denk gelmesi nedeniyle 10. kez organize edilen mevlit, Fatih Kapal\u0131 Pazar Yerinde iftar saatinde okutuldu. Mevlidin ard\u0131ndan 4 bin ki\u015filik iftar yeme\u011fi ikram\u0131 yap\u0131ld\u0131. \u0130ftar yeme\u011fine Pamukkale \u0130l\u00e7e Kaymakam\u0131 U\u011fur Bulut, \u0130l K\u00fclt\u00fcr Turizm M\u00fcd\u00fcr\u00fc H\u00fcdaverdi Otakl\u0131, AK Parti \u0130l Ba\u015fkan\u0131 Muhammet Suba\u015f\u0131o\u011flu, hay\u0131rseverler ve vatanda\u015flar kat\u0131ld\u0131. \u0130ftar yeme\u011finde yazar Esat \u015ei\u015fman \u00c7anakkale\u2019deki kahramanl\u0131k destanlar\u0131yla ilgili olarak sunum yapt\u0131. Biny\u0131l Tarih K\u00fclt\u00fcr ve Sanat Derne\u011fi Ba\u015fkan\u0131 Ahmet Ayd\u0131nl\u0131, iftar duas\u0131n\u0131 okudu.<\/p>\n<p>Denizli Y\u00f6r\u00fckleri Derne\u011fi Ba\u015fkan\u0131 Ya\u015far Celal Ceylan, yapt\u0131\u011f\u0131 konu\u015fmada; &#8220;Dernek olarak bu y\u0131l 10. kez d\u00fczenledi\u011fimiz 18 Mart \u00c7anakkale \u015eehitleri Anma etkinli\u011fimizle, t\u00fcm y\u00f6netim kurulu arkada\u015flar\u0131m\u0131zla ya\u015fatmaya \u00e7al\u0131\u015f\u0131yoruz. Bizleri bu \u00fclkeyi, bu topra\u011f\u0131, bu vatan\u0131 emanet eden \u015fehitlerimizi bizde her 18 Mart\u2019ta ruhlar\u0131n\u0131 \u015fad ediyoruz. Onlar\u0131 anmaya \u00e7al\u0131\u015f\u0131yoruz. Bize bu u\u011furda destek veren kurum kurulu\u015flara i\u015fadamlar\u0131m\u0131za maddi manevi desteklerini esirgemeyen esnaf arkada\u015flar\u0131m\u0131za \u00f6zellikle \u00e7ok te\u015fekk\u00fcr ediyorum. Her zaman yan\u0131mda olan y\u00f6netim kurulu arkada\u015flar\u0131ma da te\u015fekk\u00fcr ediyorum. Bu g\u00fcn \u015fehitlerimizin an\u0131s\u0131na haz\u0131rlad\u0131\u011f\u0131m\u0131z 4 bin ki\u015filik yemekte t\u00fcm Denizli halk\u0131n\u0131 aram\u0131zda g\u00f6rmekten mutluluk duyuyoruz. Gelen gelemeyen herkese te\u015fekk\u00fcr ediyoruz, sa\u011f olsunlar var olsunlar. \u0130n\u015fallah 11. mevlidimizde de bir arada oluruz&#8221; dedi.<\/p>\n<p>Ramazan\u2019\u0131n maneviyat\u0131na uygun etkinlik<br \/>\n<br \/>\u0130ftarda Fatih Mahallesi sakinleriyle bir arada olmaktan mutlu oldu\u011funu anlatan AK Parti \u0130l Ba\u015fkan\u0131 Muhammet Suba\u015f\u0131o\u011flu da &#8220;Fatih Mahallesinde imece usul\u00fc haz\u0131rlanm\u0131\u015f bu g\u00fczel iftarda birlikteyiz. Bu g\u00fczel gelenek 10 y\u0131ld\u0131r devam ettiriliyor. T\u00fcm Y\u00f6r\u00fcklerimize te\u015fekk\u00fcr ediyorum. Y\u00f6r\u00fckler Derne\u011fi ba\u015fkan\u0131m\u0131z, ba\u015fta olmak \u00fczere t\u00fcm y\u00f6netimine te\u015fekk\u00fcr ediyorum. Fatih mahallesi muhtar\u0131m\u0131za esnaflar\u0131m\u0131za te\u015fekk\u00fcr ediyorum. Bug\u00fcn Ramazan\u2019\u0131n 20. G\u00fcn\u00fc art\u0131k sona yakla\u015f\u0131yoruz. \u015eimdiden t\u00fcm hem\u015fehrilerimizin Ramazan bayram\u0131n\u0131 tebrik ediyorum. Y\u00f6r\u00fckler Derne\u011fi bizim i\u00e7in \u00e7ok \u00f6nemli, \u00e7\u00fcnk\u00fc Denizli\u2019mizin k\u00fclt\u00fcrel yap\u0131s\u0131nda \u00f6nemli bir doku. Y\u0131llard\u0131r milli manevi duygular\u0131m\u0131z\u0131 \u00f6nceleyerek faaliyet g\u00f6steren Y\u00f6r\u00fckler derne\u011fimizin her etkinli\u011finde bizlerde yer almak i\u00e7in gayret g\u00f6sterdik. Hakikaten renkli, milli, Ramazan\u2019\u0131n ruhuna uygun, manevi de\u011ferlerimize uygun g\u00fczel etkinlikler yap\u0131yorlar. T\u00fcm hem\u015fehrilerimizin Ramazan\u0131 m\u00fcbarek olsun. Yapt\u0131\u011f\u0131m\u0131z dualar\u0131m\u0131z kabul olsun. Hastalar\u0131m\u0131za \u015fifa versin&#8221; diye konu\u015ftu.<br \/><\/p>\n","protected":false},"excerpt":{"rendered":"<p>Denizli Y\u00f6r\u00fckleri Derne\u011fi taraf\u0131ndan bu y\u0131l 10. kez organize edilen mevlit program\u0131, bu y\u0131l Fatih Kapal\u0131 Pazaryerinde verilen 4 bin ki\u015filik iftarla ger\u00e7ekle\u015ftirildi. Denizli Y\u00f6r\u00fckleri Derne\u011fi taraf\u0131ndan her y\u0131l 18 Mart \u00c7anakkale Zaferi y\u0131ld\u00f6n\u00fcm\u00fcnde t\u00fcm \u015fehitler i\u00e7in okutulan mevlit gelene\u011fi bu y\u0131lda devam etti. 18 Mart g\u00fcn\u00fcn Ramazan\u2019a denk gelmesi nedeniyle 10. kez organize edilen&#8230;<\/p>\n","protected":false},"author":1,"featured_media":25695,"comment_status":"open","ping_status":"open","sticky":false,"template":"","format":"standard","meta":{"_crdt_document":"","footnotes":""},"categories":[123],"tags":[],"class_list":["post-25694","post","type-post","status-publish","format-standard","has-post-thumbnail","hentry","category-gundem"],"_links":{"self":[{"href":"https:\/\/www.egemtv.com\/index.php?rest_route=\/wp\/v2\/posts\/25694","targetHints":{"allow":["GET"]}}],"collection":[{"href":"https:\/\/www.egemtv.com\/index.php?rest_route=\/wp\/v2\/posts"}],"about":[{"href":"https:\/\/www.egemtv.com\/index.php?rest_route=\/wp\/v2\/types\/post"}],"author":[{"embeddable":true,"href":"https:\/\/www.egemtv.com\/index.php?rest_route=\/wp\/v2\/users\/1"}],"replies":[{"embeddable":true,"href":"https:\/\/www.egemtv.com\/index.php?rest_route=%2Fwp%2Fv2%2Fcomments&post=25694"}],"version-history":[{"count":1,"href":"https:\/\/www.egemtv.com\/index.php?rest_route=\/wp\/v2\/posts\/25694\/revisions"}],"predecessor-version":[{"id":25696,"href":"https:\/\/www.egemtv.com\/index.php?rest_route=\/wp\/v2\/posts\/25694\/revisions\/25696"}],"wp:featuredmedia":[{"embeddable":true,"href":"https:\/\/www.egemtv.com\/index.php?rest_route=\/wp\/v2\/media\/25695"}],"wp:attachment":[{"href":"https:\/\/www.egemtv.com\/index.php?rest_route=%2Fwp%2Fv2%2Fmedia&parent=25694"}],"wp:term":[{"taxonomy":"category","embeddable":true,"href":"https:\/\/www.egemtv.com\/index.php?rest_route=%2Fwp%2Fv2%2Fcategories&post=25694"},{"taxonomy":"post_tag","embeddable":true,"href":"https:\/\/www.egemtv.com\/index.php?rest_route=%2Fwp%2Fv2%2Ftags&post=25694"}],"curies":[{"name":"wp","href":"https:\/\/api.w.org\/{rel}","templated":true}]}}