{"id":25691,"date":"2025-03-21T14:02:40","date_gmt":"2025-03-21T11:02:40","guid":{"rendered":"https:\/\/www.egemtv.com\/?p=25691"},"modified":"2025-03-21T14:02:44","modified_gmt":"2025-03-21T11:02:44","slug":"vali-aktas-banazda-sehit-aileleri-gaziler-ve-muhtarlarla-iftarda-bulustu","status":"publish","type":"post","link":"https:\/\/www.egemtv.com\/?p=25691","title":{"rendered":"Vali Akta\u015f, Banaz\u2019da \u015fehit aileleri, gaziler ve muhtarlarla iftarda bulu\u015ftu"},"content":{"rendered":"<p>U\u015fak Valisi Naci Akta\u015f, Banaz il\u00e7esinde \u015fehit aileleri, gaziler ve muhtarlarla iftarda bulu\u015ftu.<\/p>\n<p>U\u015fak Valisi Naci Akta\u015f ve e\u015fi Nagihan Akta\u015f, Banaz il\u00e7esinde d\u00fczenlenen iftar program\u0131nda \u015fehit aileleri, gaziler, muhtarlar ve vatanda\u015flarla bir araya geldi. Programa Banaz Kaymakam\u0131 Cuma Eme\u00e7, Banaz Belediye Ba\u015fkan\u0131 Zafer Arpac\u0131, \u0130l Emniyet M\u00fcd\u00fcr\u00fc Mehmet Ali Kolcu, \u0130l Jandarma Komutan\u0131 Fahri Semiz, \u0130l \u00d6zel \u0130daresi Genel Sekreteri Sabri Ceylan, \u015fehit aileleri, gaziler, \u0130l Genel Meclisi \u00fcyeleri ve mahalle muhtarlar\u0131 kat\u0131ld\u0131.<\/p>\n<p>\u0130ftarda konu\u015fan Vali Akta\u015f, &#8220;\u015eehitlerimizin ve gazilerimizin g\u00f6sterdi\u011fi kahramanl\u0131k ve cesaretin bizlere verdi\u011fi ilhamla, her t\u00fcrl\u00fc zorlu\u011fun \u00fcstesinden gelebilece\u011fimize inan\u0131yoruz. Birlikte daha g\u00fc\u00e7l\u00fc bir T\u00fcrkiye in\u015fa etmek i\u00e7in her zaman var g\u00fcc\u00fcm\u00fczle \u00e7al\u0131\u015fmaya devam edece\u011fiz. \u015eehitlerimizin aziz hat\u0131ras\u0131na sahip \u00e7\u0131kmak, gazilerimizin ve de\u011ferli ailelerinin yan\u0131nda olmak, bizim en kutsal g\u00f6revlerimizden biridir. Ba\u015fta Valili\u011fimiz, Kaymakaml\u0131\u011f\u0131m\u0131z ve yerel y\u00f6netimlerimiz bu kutsal g\u00f6revi yerine getirmek i\u00e7in her zaman sizlerin yan\u0131nda olacakt\u0131r. Di\u011fer taraftan il\u00e7emizin geli\u015fmesi, halk\u0131m\u0131z\u0131n refah\u0131n\u0131n artmas\u0131 i\u00e7in, her alanda elimizden gelenin en iyisini yapmaya kararl\u0131y\u0131z. \u0130l\u00e7emize daha iyi hizmet sunmak ad\u0131na; Kaymakaml\u0131\u011f\u0131m\u0131z\u0131n \u00f6nc\u00fcl\u00fc\u011f\u00fcnde belediyelerimiz, muhtarlar\u0131m\u0131z ve t\u00fcm kurumlar\u0131m\u0131zla birlikte, koordineli bir \u015fekilde \u00e7al\u0131\u015fmaktay\u0131z&#8221; dedi.<\/p>\n<p>Banaz\u2019da yeni yat\u0131r\u0131mlar\u0131n kazand\u0131r\u0131lmas\u0131 ad\u0131na aral\u0131ks\u0131z \u00e7al\u0131\u015fma ger\u00e7ekle\u015ftirdiklerini ifade eden Vali Akta\u015f, &#8220;Ye\u015filin en g\u00fczel tonlar\u0131na ev sahipli\u011fi yapan, do\u011fal g\u00fczellikleriyle g\u00f6z kama\u015ft\u0131ran \u2018Ye\u015fil Banaz\u2019 olarak bilinen bu topraklar, do\u011fan\u0131n sundu\u011fu en g\u00fczel arma\u011fanlar\u0131 bar\u0131nd\u0131r\u0131rken, bizlere de huzuru ve s\u00fck\u00fbnu hissettirmektedir. Bu kapsamda; il\u00e7emizdeki termal su kaynaklar\u0131m\u0131zla hem sa\u011fl\u0131\u011fa hem de b\u00f6lge ekonomisine katk\u0131 sa\u011flayan bir potansiyele sahibiz. \u0130l\u00e7emizin \u015fifal\u0131 termal sular\u0131,hem hem\u015fehrilerimiz hem de d\u0131\u015far\u0131dan gelen misafirlerimiz i\u00e7in b\u00fcy\u00fck bir de\u011fer ta\u015f\u0131maktad\u0131r. Bu de\u011feri, verimli bir \u015fekilde kullanmak ve ekonomiye kazand\u0131rmak amac\u0131yla kuracak oldu\u011fumuz jeotermal kaynakl\u0131 Banaz Tar\u0131ma Dayal\u0131 \u0130htisas Organize Sanayi B\u00f6lgemiz ile modern teknolojik serac\u0131l\u0131k alt yap\u0131s\u0131n\u0131 geli\u015ftirecek ve modern sera kurulumunu \u015fehrimize kazand\u0131raca\u011f\u0131z. Yine il\u00e7emizde hayata ge\u00e7irece\u011fimiz  Organize Sanayi B\u00f6lgemiz ile toplam 5 bin ki\u015fiye istihdam imkan\u0131 olu\u015fturaca\u011f\u0131z. Her iki giri\u015fimimizin, ilimiz ve il\u00e7emiz i\u00e7in \u015fimdiden hay\u0131rl\u0131 olmas\u0131n\u0131 diliyorum&#8221; \u015feklinde konu\u015ftu.<br \/>\n<br \/>\u0130ftar sonras\u0131nda \u015fehit aileleri ve gazilerle sohbet eden Vali Akta\u015f, birlikte hat\u0131ra foto\u011fraf\u0131 \u00e7ektirdi.<br \/><\/p>\n","protected":false},"excerpt":{"rendered":"<p>U\u015fak Valisi Naci Akta\u015f, Banaz il\u00e7esinde \u015fehit aileleri, gaziler ve muhtarlarla iftarda bulu\u015ftu. U\u015fak Valisi Naci Akta\u015f ve e\u015fi Nagihan Akta\u015f, Banaz il\u00e7esinde d\u00fczenlenen iftar program\u0131nda \u015fehit aileleri, gaziler, muhtarlar ve vatanda\u015flarla bir araya geldi. Programa Banaz Kaymakam\u0131 Cuma Eme\u00e7, Banaz Belediye Ba\u015fkan\u0131 Zafer Arpac\u0131, \u0130l Emniyet M\u00fcd\u00fcr\u00fc Mehmet Ali Kolcu, \u0130l Jandarma Komutan\u0131 Fahri&#8230;<\/p>\n","protected":false},"author":1,"featured_media":25692,"comment_status":"open","ping_status":"open","sticky":false,"template":"","format":"standard","meta":{"_crdt_document":"","footnotes":""},"categories":[123],"tags":[],"class_list":["post-25691","post","type-post","status-publish","format-standard","has-post-thumbnail","hentry","category-gundem"],"_links":{"self":[{"href":"https:\/\/www.egemtv.com\/index.php?rest_route=\/wp\/v2\/posts\/25691","targetHints":{"allow":["GET"]}}],"collection":[{"href":"https:\/\/www.egemtv.com\/index.php?rest_route=\/wp\/v2\/posts"}],"about":[{"href":"https:\/\/www.egemtv.com\/index.php?rest_route=\/wp\/v2\/types\/post"}],"author":[{"embeddable":true,"href":"https:\/\/www.egemtv.com\/index.php?rest_route=\/wp\/v2\/users\/1"}],"replies":[{"embeddable":true,"href":"https:\/\/www.egemtv.com\/index.php?rest_route=%2Fwp%2Fv2%2Fcomments&post=25691"}],"version-history":[{"count":1,"href":"https:\/\/www.egemtv.com\/index.php?rest_route=\/wp\/v2\/posts\/25691\/revisions"}],"predecessor-version":[{"id":25693,"href":"https:\/\/www.egemtv.com\/index.php?rest_route=\/wp\/v2\/posts\/25691\/revisions\/25693"}],"wp:featuredmedia":[{"embeddable":true,"href":"https:\/\/www.egemtv.com\/index.php?rest_route=\/wp\/v2\/media\/25692"}],"wp:attachment":[{"href":"https:\/\/www.egemtv.com\/index.php?rest_route=%2Fwp%2Fv2%2Fmedia&parent=25691"}],"wp:term":[{"taxonomy":"category","embeddable":true,"href":"https:\/\/www.egemtv.com\/index.php?rest_route=%2Fwp%2Fv2%2Fcategories&post=25691"},{"taxonomy":"post_tag","embeddable":true,"href":"https:\/\/www.egemtv.com\/index.php?rest_route=%2Fwp%2Fv2%2Ftags&post=25691"}],"curies":[{"name":"wp","href":"https:\/\/api.w.org\/{rel}","templated":true}]}}