{"id":25688,"date":"2025-03-21T14:02:35","date_gmt":"2025-03-21T11:02:35","guid":{"rendered":"https:\/\/www.egemtv.com\/?p=25688"},"modified":"2025-03-21T14:02:40","modified_gmt":"2025-03-21T11:02:40","slug":"emette-din-gorevlileri-iftarda-bir-araya-geldi","status":"publish","type":"post","link":"https:\/\/www.egemtv.com\/?p=25688","title":{"rendered":"Emet\u2019te din g\u00f6revlileri iftarda bir araya geldi"},"content":{"rendered":"<p>Emet \u0130l\u00e7e M\u00fcft\u00fcl\u00fc\u011f\u00fc, Ramazan ay\u0131 m\u00fcnasebetiyle din g\u00f6revlilerine y\u00f6nelik iftar program\u0131 d\u00fczenledi.<br \/>\n<br \/>\u0130ftar program\u0131na \u0130l M\u00fcft\u00fcs\u00fc \u0130rfan A\u00e7\u0131k, Emet \u0130l\u00e7e M\u00fcft\u00fcs\u00fc \u0130smail \u00c7\u0131nar, Gediz \u0130l\u00e7e M\u00fcft\u00fcs\u00fc Sebahattin Turan, Kaymakam Furkan Seyman, kurum amirleri ve il\u00e7e genelindeki din g\u00f6revlileri kat\u0131ld\u0131.<br \/>\n<br \/>\u0130l M\u00fcft\u00fcs\u00fc \u0130rfan A\u00e7\u0131k, programda birlik ve beraberli\u011fin \u00f6nemine vurgu yapt\u0131\u011f\u0131 konu\u015fmas\u0131nda, Ramazan ay\u0131n\u0131n manevi iklimine dikkat \u00e7ekerek, din g\u00f6revlilerinin topluma rehberlik etmedeki rol\u00fcne de\u011findi.<br \/>\n<br \/>\u0130ftar \u00f6ncesinde \u0130l M\u00fcft\u00fcs\u00fc \u0130rfan A\u00e7\u0131k, il\u00e7ede bir dizi ziyaretlerde bulunarak yetkililerden bilgi ald\u0131, Kur\u2019an kursundaki \u00f6\u011frencileri ziyaret etti. \u0130l M\u00fcft\u00fcs\u00fc A\u00e7\u0131k, g\u00fcn sonunda GSB M\u00fcd\u00fcrl\u00fc\u011f\u00fc Gen\u00e7lik Merkezinde Has oda da din g\u00f6revlileriyle hasbihal etti.<br \/>\n<br \/>Emet \u0130l\u00e7e M\u00fcft\u00fcs\u00fc \u0130smail \u00c7\u0131nar, program\u0131n sonunda kat\u0131l\u0131mc\u0131lara te\u015fekk\u00fcr etti.<br \/><\/p>\n","protected":false},"excerpt":{"rendered":"<p>Emet \u0130l\u00e7e M\u00fcft\u00fcl\u00fc\u011f\u00fc, Ramazan ay\u0131 m\u00fcnasebetiyle din g\u00f6revlilerine y\u00f6nelik iftar program\u0131 d\u00fczenledi. \u0130ftar program\u0131na \u0130l M\u00fcft\u00fcs\u00fc \u0130rfan A\u00e7\u0131k, Emet \u0130l\u00e7e M\u00fcft\u00fcs\u00fc \u0130smail \u00c7\u0131nar, Gediz \u0130l\u00e7e M\u00fcft\u00fcs\u00fc Sebahattin Turan, Kaymakam Furkan Seyman, kurum amirleri ve il\u00e7e genelindeki din g\u00f6revlileri kat\u0131ld\u0131. \u0130l M\u00fcft\u00fcs\u00fc \u0130rfan A\u00e7\u0131k, programda birlik ve beraberli\u011fin \u00f6nemine vurgu yapt\u0131\u011f\u0131 konu\u015fmas\u0131nda, Ramazan ay\u0131n\u0131n manevi iklimine&#8230;<\/p>\n","protected":false},"author":1,"featured_media":25689,"comment_status":"open","ping_status":"open","sticky":false,"template":"","format":"standard","meta":{"_crdt_document":"","footnotes":""},"categories":[123],"tags":[],"class_list":["post-25688","post","type-post","status-publish","format-standard","has-post-thumbnail","hentry","category-gundem"],"_links":{"self":[{"href":"https:\/\/www.egemtv.com\/index.php?rest_route=\/wp\/v2\/posts\/25688","targetHints":{"allow":["GET"]}}],"collection":[{"href":"https:\/\/www.egemtv.com\/index.php?rest_route=\/wp\/v2\/posts"}],"about":[{"href":"https:\/\/www.egemtv.com\/index.php?rest_route=\/wp\/v2\/types\/post"}],"author":[{"embeddable":true,"href":"https:\/\/www.egemtv.com\/index.php?rest_route=\/wp\/v2\/users\/1"}],"replies":[{"embeddable":true,"href":"https:\/\/www.egemtv.com\/index.php?rest_route=%2Fwp%2Fv2%2Fcomments&post=25688"}],"version-history":[{"count":1,"href":"https:\/\/www.egemtv.com\/index.php?rest_route=\/wp\/v2\/posts\/25688\/revisions"}],"predecessor-version":[{"id":25690,"href":"https:\/\/www.egemtv.com\/index.php?rest_route=\/wp\/v2\/posts\/25688\/revisions\/25690"}],"wp:featuredmedia":[{"embeddable":true,"href":"https:\/\/www.egemtv.com\/index.php?rest_route=\/wp\/v2\/media\/25689"}],"wp:attachment":[{"href":"https:\/\/www.egemtv.com\/index.php?rest_route=%2Fwp%2Fv2%2Fmedia&parent=25688"}],"wp:term":[{"taxonomy":"category","embeddable":true,"href":"https:\/\/www.egemtv.com\/index.php?rest_route=%2Fwp%2Fv2%2Fcategories&post=25688"},{"taxonomy":"post_tag","embeddable":true,"href":"https:\/\/www.egemtv.com\/index.php?rest_route=%2Fwp%2Fv2%2Ftags&post=25688"}],"curies":[{"name":"wp","href":"https:\/\/api.w.org\/{rel}","templated":true}]}}