{"id":25685,"date":"2025-03-21T14:02:32","date_gmt":"2025-03-21T11:02:32","guid":{"rendered":"https:\/\/www.egemtv.com\/?p=25685"},"modified":"2025-03-21T14:02:35","modified_gmt":"2025-03-21T11:02:35","slug":"emet-myoda-devir-teslim-toreni","status":"publish","type":"post","link":"https:\/\/www.egemtv.com\/?p=25685","title":{"rendered":"Emet MYO\u2019da devir teslim t\u00f6reni"},"content":{"rendered":"<p>K\u00fctahya Dumlup\u0131nar \u00dcniversitesine ba\u011fl\u0131 Emet Meslek Y\u00fcksekokulu M\u00fcd\u00fcrl\u00fc\u011f\u00fcne atanan Dr. \u00d6\u011fr. \u00dcyesi Mesut Yaz\u0131c\u0131 g\u00f6revine ba\u015flad\u0131<br \/>\n<br \/>Emet Meslek Y\u00fcksekokulu M\u00fcd\u00fcrl\u00fc\u011f\u00fc makam\u0131nda ger\u00e7ekle\u015fen devir teslim t\u00f6reninde g\u00f6revi devreden M\u00fcd\u00fcr Dr. \u00d6\u011fr. \u00dcyesi Vedat Bak\u0131r\u2019a, bug\u00fcne kadar yapt\u0131\u011f\u0131 \u00e7al\u0131\u015fmalar dolay\u0131s\u0131yla \u00e7i\u00e7ek ve plaket takdim edildi.<br \/>\n<br \/>T\u00f6rende yapt\u0131\u011f\u0131 konu\u015fmada atamay\u0131 ger\u00e7ekle\u015ftiren Dumlup\u0131nar \u00dcniversitesi Rekt\u00f6r\u00fc Prof. Dr. S\u00fcleyman K\u0131z\u0131ltoprak\u2019a ve rekt\u00f6r yard\u0131mc\u0131lar\u0131na te\u015fekk\u00fcr eden Emet Meslek Y\u00fcksekokulu M\u00fcd\u00fcr\u00fc Dr. \u00d6\u011fr. \u00dcyesi Mesut Yaz\u0131c\u0131, ayr\u0131ca, b\u00fct\u00fcn akademik ve idari personele bundan sonraki \u00e7al\u0131\u015fmalar\u0131nda ba\u015far\u0131lar diledi. Devir teslim t\u00f6reninde t\u00fcm idari ve akademik personel haz\u0131r bulundu.<br \/><\/p>\n","protected":false},"excerpt":{"rendered":"<p>K\u00fctahya Dumlup\u0131nar \u00dcniversitesine ba\u011fl\u0131 Emet Meslek Y\u00fcksekokulu M\u00fcd\u00fcrl\u00fc\u011f\u00fcne atanan Dr. \u00d6\u011fr. \u00dcyesi Mesut Yaz\u0131c\u0131 g\u00f6revine ba\u015flad\u0131 Emet Meslek Y\u00fcksekokulu M\u00fcd\u00fcrl\u00fc\u011f\u00fc makam\u0131nda ger\u00e7ekle\u015fen devir teslim t\u00f6reninde g\u00f6revi devreden M\u00fcd\u00fcr Dr. \u00d6\u011fr. \u00dcyesi Vedat Bak\u0131r\u2019a, bug\u00fcne kadar yapt\u0131\u011f\u0131 \u00e7al\u0131\u015fmalar dolay\u0131s\u0131yla \u00e7i\u00e7ek ve plaket takdim edildi. T\u00f6rende yapt\u0131\u011f\u0131 konu\u015fmada atamay\u0131 ger\u00e7ekle\u015ftiren Dumlup\u0131nar \u00dcniversitesi Rekt\u00f6r\u00fc Prof. Dr. S\u00fcleyman K\u0131z\u0131ltoprak\u2019a&#8230;<\/p>\n","protected":false},"author":1,"featured_media":25686,"comment_status":"open","ping_status":"open","sticky":false,"template":"","format":"standard","meta":{"_crdt_document":"","footnotes":""},"categories":[1],"tags":[],"class_list":["post-25685","post","type-post","status-publish","format-standard","has-post-thumbnail","hentry","category-guncel"],"_links":{"self":[{"href":"https:\/\/www.egemtv.com\/index.php?rest_route=\/wp\/v2\/posts\/25685","targetHints":{"allow":["GET"]}}],"collection":[{"href":"https:\/\/www.egemtv.com\/index.php?rest_route=\/wp\/v2\/posts"}],"about":[{"href":"https:\/\/www.egemtv.com\/index.php?rest_route=\/wp\/v2\/types\/post"}],"author":[{"embeddable":true,"href":"https:\/\/www.egemtv.com\/index.php?rest_route=\/wp\/v2\/users\/1"}],"replies":[{"embeddable":true,"href":"https:\/\/www.egemtv.com\/index.php?rest_route=%2Fwp%2Fv2%2Fcomments&post=25685"}],"version-history":[{"count":1,"href":"https:\/\/www.egemtv.com\/index.php?rest_route=\/wp\/v2\/posts\/25685\/revisions"}],"predecessor-version":[{"id":25687,"href":"https:\/\/www.egemtv.com\/index.php?rest_route=\/wp\/v2\/posts\/25685\/revisions\/25687"}],"wp:featuredmedia":[{"embeddable":true,"href":"https:\/\/www.egemtv.com\/index.php?rest_route=\/wp\/v2\/media\/25686"}],"wp:attachment":[{"href":"https:\/\/www.egemtv.com\/index.php?rest_route=%2Fwp%2Fv2%2Fmedia&parent=25685"}],"wp:term":[{"taxonomy":"category","embeddable":true,"href":"https:\/\/www.egemtv.com\/index.php?rest_route=%2Fwp%2Fv2%2Fcategories&post=25685"},{"taxonomy":"post_tag","embeddable":true,"href":"https:\/\/www.egemtv.com\/index.php?rest_route=%2Fwp%2Fv2%2Ftags&post=25685"}],"curies":[{"name":"wp","href":"https:\/\/api.w.org\/{rel}","templated":true}]}}