{"id":25682,"date":"2025-03-21T13:44:03","date_gmt":"2025-03-21T10:44:03","guid":{"rendered":"https:\/\/www.egemtv.com\/?p=25682"},"modified":"2025-03-21T13:44:08","modified_gmt":"2025-03-21T10:44:08","slug":"baskan-cercioglu-aydinlilari-dunya-tiyatro-haftasi-etkinlikleri-ile-bulusturuyor","status":"publish","type":"post","link":"https:\/\/www.egemtv.com\/?p=25682","title":{"rendered":"Ba\u015fkan \u00c7er\u00e7io\u011flu Ayd\u0131nl\u0131lar\u0131 D\u00fcnya Tiyatro Haftas\u0131 etkinlikleri ile bulu\u015fturuyor"},"content":{"rendered":"<p>Ayd\u0131n B\u00fcy\u00fck\u015fehir Belediyesi, k\u00fclt\u00fcr ve sanat etkinliklerini Ayd\u0131nl\u0131lar ile bulu\u015fturmaya devam ediyor.<br \/>\n<br \/>Ayd\u0131n B\u00fcy\u00fck\u015fehir Belediyesi, 27 Mart D\u00fcnya Tiyatro G\u00fcn\u00fc nedeniyle Ayd\u0131nl\u0131 tiyatroseverleri birbirinden g\u00fczel eserler ile bulu\u015fturacak. Bug\u00fcne kadar her ya\u015ftan binlerce tiyatroseveri sevilen eserler ile bulu\u015fturan B\u00fcy\u00fck\u015fehir Belediyesi \u015eehir Tiyatrolar\u0131, 24-27 Mart tarihleri aras\u0131nda 4 farkl\u0131 oyun ile 7\u2019den 70\u2019e her ya\u015ftan Ayd\u0131nl\u0131 i\u00e7in perdelerini a\u00e7acak. \u2018D\u00fcnya Tiyatro Haftas\u0131\u2019 etkinlikleri i\u00e7in \u00fccretsiz biletler Vali Yaz\u0131c\u0131o\u011flu K\u00fclt\u00fcr Merkezi\u2019nden temin edilebilecek.<br \/>\n<br \/>Festivalin adresi \u015e\u00fckran G\u00fcng\u00f6r-Y\u0131ld\u0131z Kenter K\u00fclt\u00fcr Merkezi ve Tiyatro Salonu olacak. D\u00fcnya Tiyatro Haftas\u0131 etkinliklerinde 24 Mart Pazartesi g\u00fcn\u00fc saat 21.00\u2019da Seyr-i Hayat Kafe\u2019si, 25 Mart Sal\u0131 g\u00fcn\u00fc saat 14.00\u2019da \u00e7ocuk oyunu T\u0131ng\u0131r M\u0131ng\u0131r \u00dclke, 26 Mart \u00c7ar\u015famba g\u00fcn\u00fc saat 14.00\u2019da \u00e7ocuk oyunu Macera Orman\u0131 ve 27 Mart Per\u015fembe g\u00fcn\u00fc saat 21.00\u2019da \u015eimdi Ne Olacak eserleri Ayd\u0131nl\u0131lar ile bulu\u015facak. D\u00fcnya Tiyatro Haftas\u0131 etkinlikleri, 27 Mart Per\u015fembe g\u00fcn\u00fc D\u00fcnya Tiyatro G\u00fcn\u00fc Ulusal ve Uluslararas\u0131 Bildirisi\u2019nin okunmas\u0131 ile son bulacak.<br \/>\n<br \/>Ba\u015fkan \u00c7er\u00e7io\u011flu\u2019ndan Ayd\u0131nl\u0131lara davet<br \/>\n<br \/>Ayd\u0131n B\u00fcy\u00fck\u015fehir Belediye Ba\u015fkan\u0131 \u00d6zlem \u00c7er\u00e7io\u011flu, t\u00fcm tiyatroseverleri birbirinden g\u00fczel oyunlar\u0131 izlemeye davet etti. Ba\u015fkan \u00c7er\u00e7io\u011flu, &#8220;K\u00fclt\u00fcr ve sanat etkinliklerimize devam ediyoruz. D\u00fcnya Tiyatro Haftas\u0131 etkinlikleri kapsam\u0131nda birbirinden g\u00fczel eserleri hem\u015fehrilerimiz ile bulu\u015fturaca\u011f\u0131z. T\u00fcm tiyatroseverleri festivalimize davet ediyorum&#8221; ifadelerini kulland\u0131.<br \/><\/p>\n","protected":false},"excerpt":{"rendered":"<p>Ayd\u0131n B\u00fcy\u00fck\u015fehir Belediyesi, k\u00fclt\u00fcr ve sanat etkinliklerini Ayd\u0131nl\u0131lar ile bulu\u015fturmaya devam ediyor. Ayd\u0131n B\u00fcy\u00fck\u015fehir Belediyesi, 27 Mart D\u00fcnya Tiyatro G\u00fcn\u00fc nedeniyle Ayd\u0131nl\u0131 tiyatroseverleri birbirinden g\u00fczel eserler ile bulu\u015fturacak. Bug\u00fcne kadar her ya\u015ftan binlerce tiyatroseveri sevilen eserler ile bulu\u015fturan B\u00fcy\u00fck\u015fehir Belediyesi \u015eehir Tiyatrolar\u0131, 24-27 Mart tarihleri aras\u0131nda 4 farkl\u0131 oyun ile 7\u2019den 70\u2019e her ya\u015ftan Ayd\u0131nl\u0131&#8230;<\/p>\n","protected":false},"author":1,"featured_media":25683,"comment_status":"open","ping_status":"open","sticky":false,"template":"","format":"standard","meta":{"_crdt_document":"","footnotes":""},"categories":[1],"tags":[],"class_list":["post-25682","post","type-post","status-publish","format-standard","has-post-thumbnail","hentry","category-guncel"],"_links":{"self":[{"href":"https:\/\/www.egemtv.com\/index.php?rest_route=\/wp\/v2\/posts\/25682","targetHints":{"allow":["GET"]}}],"collection":[{"href":"https:\/\/www.egemtv.com\/index.php?rest_route=\/wp\/v2\/posts"}],"about":[{"href":"https:\/\/www.egemtv.com\/index.php?rest_route=\/wp\/v2\/types\/post"}],"author":[{"embeddable":true,"href":"https:\/\/www.egemtv.com\/index.php?rest_route=\/wp\/v2\/users\/1"}],"replies":[{"embeddable":true,"href":"https:\/\/www.egemtv.com\/index.php?rest_route=%2Fwp%2Fv2%2Fcomments&post=25682"}],"version-history":[{"count":1,"href":"https:\/\/www.egemtv.com\/index.php?rest_route=\/wp\/v2\/posts\/25682\/revisions"}],"predecessor-version":[{"id":25684,"href":"https:\/\/www.egemtv.com\/index.php?rest_route=\/wp\/v2\/posts\/25682\/revisions\/25684"}],"wp:featuredmedia":[{"embeddable":true,"href":"https:\/\/www.egemtv.com\/index.php?rest_route=\/wp\/v2\/media\/25683"}],"wp:attachment":[{"href":"https:\/\/www.egemtv.com\/index.php?rest_route=%2Fwp%2Fv2%2Fmedia&parent=25682"}],"wp:term":[{"taxonomy":"category","embeddable":true,"href":"https:\/\/www.egemtv.com\/index.php?rest_route=%2Fwp%2Fv2%2Fcategories&post=25682"},{"taxonomy":"post_tag","embeddable":true,"href":"https:\/\/www.egemtv.com\/index.php?rest_route=%2Fwp%2Fv2%2Ftags&post=25682"}],"curies":[{"name":"wp","href":"https:\/\/api.w.org\/{rel}","templated":true}]}}