{"id":25679,"date":"2025-03-21T13:43:59","date_gmt":"2025-03-21T10:43:59","guid":{"rendered":"https:\/\/www.egemtv.com\/?p=25679"},"modified":"2025-03-21T13:44:03","modified_gmt":"2025-03-21T10:44:03","slug":"marmariste-dunya-ormancilik-gununde-binlerce-fidan-dagitildi","status":"publish","type":"post","link":"https:\/\/www.egemtv.com\/?p=25679","title":{"rendered":"Marmaris\u2019te D\u00fcnya Ormanc\u0131l\u0131k G\u00fcn\u00fc\u2019nde binlerce fidan da\u011f\u0131t\u0131ld\u0131"},"content":{"rendered":"<p>Mu\u011fla\u2019n\u0131n Marmaris il\u00e7esinde, 21 Mart D\u00fcnya Ormanc\u0131l\u0131k G\u00fcn\u00fc kapsam\u0131nda d\u00fczenlenen fidan da\u011f\u0131t\u0131m\u0131 etkinli\u011fi b\u00fcy\u00fck ilgi g\u00f6rd\u00fc. Marmaris Orman \u0130\u015fletme M\u00fcd\u00fcrl\u00fc\u011f\u00fc taraf\u0131ndan ger\u00e7ekle\u015ftirilen etkinlikte y\u00fczlerce ki\u015fi fidan almak i\u00e7in s\u0131raya girdi. Saat 11.00\u2019de ba\u015flayan etkinli\u011fin saat 15.00\u2019e kadar devam edece\u011fi \u00f6\u011frenilirken, 4 saatte 8 bin fidan da\u011f\u0131t\u0131m\u0131 yap\u0131lacak.<\/p>\n<p>B\u00fcy\u00fck orman yang\u0131nlar\u0131ndan en \u00e7ok etkilenen il\u00e7elerden biri olan Marmaris\u2019te, Orman \u0130\u015fletme M\u00fcd\u00fcrl\u00fc\u011f\u00fc \u00f6n\u00fcnde ve Atat\u00fcrk Meydan\u0131\u2019nda saat 11.00\u2019de ba\u015flayan fidan da\u011f\u0131t\u0131m\u0131nda, defne, ke\u00e7iboynuzu, biberiye, s\u0131\u011fla ve servi ba\u015fta olmak \u00fczere bir\u00e7ok farkl\u0131 t\u00fcrde fidan \u00fccretsiz olarak vatanda\u015flara ula\u015ft\u0131r\u0131ld\u0131. Etkinlik kapsam\u0131nda \u00e7ocuklara \u00f6zel hediyeler de da\u011f\u0131t\u0131ld\u0131. Vatanda\u015flar, do\u011faya katk\u0131da bulunmaktan duyduklar\u0131 memnuniyeti dile getirerek, bu t\u00fcr etkinliklerin daha s\u0131k d\u00fczenlenmesi gerekti\u011fini belirtip fidanlar\u0131 bah\u00e7elerine ve do\u011fa gezisine \u00e7\u0131kt\u0131klar\u0131nda a\u011fa\u00e7s\u0131z kalan alanlara dikeceklerini ifade ettiler.<\/p>\n<p>&#8220;Do\u011fan\u0131n \u00f6nemini bir kez daha hat\u0131rl\u0131yoruz&#8221;<br \/>\n<br \/>Marmaris Orman \u0130\u015fletme M\u00fcd\u00fcr\u00fc G\u00f6khan \u015eahin, D\u00fcnya Ormanc\u0131l\u0131k G\u00fcn\u00fc ve Orman Haftas\u0131\u2019n\u0131n do\u011fan\u0131n \u00f6nemini vurgulamak i\u00e7in \u00f6nemli bir f\u0131rsat sundu\u011funu belirterek  &#8220;Bug\u00fcn 21 Mart, bahar\u0131n geli\u015fiyle birlikte do\u011fan\u0131n uyan\u0131\u015f\u0131n\u0131 kutluyoruz. Ayn\u0131 zamanda D\u00fcnya Ormanc\u0131l\u0131k G\u00fcn\u00fc ve Orman Haftas\u0131 kapsam\u0131nda do\u011fan\u0131n \u00f6nemini bir kez daha hat\u0131rlama f\u0131rsat\u0131 buluyoruz. Son iki y\u0131ld\u0131r Marmaris\u2019te b\u00fcy\u00fck bir yang\u0131n ya\u015fanmamas\u0131 sevindirici bir geli\u015fme. Bu y\u0131l, a\u011fa\u00e7land\u0131rma \u00e7al\u0131\u015fmalar\u0131n\u0131n yan\u0131 s\u0131ra, vatanda\u015flar\u0131m\u0131z\u0131n kendi bah\u00e7elerine dikebilece\u011fi s\u0131\u011fla, biberiye gibi t\u00fcrlerde fidan da\u011f\u0131t\u0131m\u0131 yaparak do\u011faya katk\u0131da bulunmalar\u0131n\u0131 te\u015fvik ediyoruz. Ayr\u0131ca \u00e7ocuklar\u0131m\u0131z i\u00e7in \u00f6zel olarak haz\u0131rlanan hediyelerle onlar\u0131n da bu s\u00fcrece kat\u0131lmas\u0131n\u0131 sa\u011flamay\u0131 ama\u00e7l\u0131yoruz&#8221; \u015feklinde konu\u015ftu.<\/p>\n<p>\u015eahin, do\u011fay\u0131 koruma bilincinin g\u00fc\u00e7lendirilmesi gerekti\u011fini vurgulayarak, etkinli\u011fe kat\u0131lan ve do\u011fan\u0131n ye\u015fillenmesine katk\u0131 sa\u011flayan herkese te\u015fekk\u00fcr etti.<br \/><\/p>\n","protected":false},"excerpt":{"rendered":"<p>Mu\u011fla\u2019n\u0131n Marmaris il\u00e7esinde, 21 Mart D\u00fcnya Ormanc\u0131l\u0131k G\u00fcn\u00fc kapsam\u0131nda d\u00fczenlenen fidan da\u011f\u0131t\u0131m\u0131 etkinli\u011fi b\u00fcy\u00fck ilgi g\u00f6rd\u00fc. Marmaris Orman \u0130\u015fletme M\u00fcd\u00fcrl\u00fc\u011f\u00fc taraf\u0131ndan ger\u00e7ekle\u015ftirilen etkinlikte y\u00fczlerce ki\u015fi fidan almak i\u00e7in s\u0131raya girdi. Saat 11.00\u2019de ba\u015flayan etkinli\u011fin saat 15.00\u2019e kadar devam edece\u011fi \u00f6\u011frenilirken, 4 saatte 8 bin fidan da\u011f\u0131t\u0131m\u0131 yap\u0131lacak. B\u00fcy\u00fck orman yang\u0131nlar\u0131ndan en \u00e7ok etkilenen il\u00e7elerden biri&#8230;<\/p>\n","protected":false},"author":1,"featured_media":25680,"comment_status":"open","ping_status":"open","sticky":false,"template":"","format":"standard","meta":{"_crdt_document":"","footnotes":""},"categories":[1],"tags":[],"class_list":["post-25679","post","type-post","status-publish","format-standard","has-post-thumbnail","hentry","category-guncel"],"_links":{"self":[{"href":"https:\/\/www.egemtv.com\/index.php?rest_route=\/wp\/v2\/posts\/25679","targetHints":{"allow":["GET"]}}],"collection":[{"href":"https:\/\/www.egemtv.com\/index.php?rest_route=\/wp\/v2\/posts"}],"about":[{"href":"https:\/\/www.egemtv.com\/index.php?rest_route=\/wp\/v2\/types\/post"}],"author":[{"embeddable":true,"href":"https:\/\/www.egemtv.com\/index.php?rest_route=\/wp\/v2\/users\/1"}],"replies":[{"embeddable":true,"href":"https:\/\/www.egemtv.com\/index.php?rest_route=%2Fwp%2Fv2%2Fcomments&post=25679"}],"version-history":[{"count":1,"href":"https:\/\/www.egemtv.com\/index.php?rest_route=\/wp\/v2\/posts\/25679\/revisions"}],"predecessor-version":[{"id":25681,"href":"https:\/\/www.egemtv.com\/index.php?rest_route=\/wp\/v2\/posts\/25679\/revisions\/25681"}],"wp:featuredmedia":[{"embeddable":true,"href":"https:\/\/www.egemtv.com\/index.php?rest_route=\/wp\/v2\/media\/25680"}],"wp:attachment":[{"href":"https:\/\/www.egemtv.com\/index.php?rest_route=%2Fwp%2Fv2%2Fmedia&parent=25679"}],"wp:term":[{"taxonomy":"category","embeddable":true,"href":"https:\/\/www.egemtv.com\/index.php?rest_route=%2Fwp%2Fv2%2Fcategories&post=25679"},{"taxonomy":"post_tag","embeddable":true,"href":"https:\/\/www.egemtv.com\/index.php?rest_route=%2Fwp%2Fv2%2Ftags&post=25679"}],"curies":[{"name":"wp","href":"https:\/\/api.w.org\/{rel}","templated":true}]}}