{"id":25676,"date":"2025-03-21T13:43:55","date_gmt":"2025-03-21T10:43:55","guid":{"rendered":"https:\/\/www.egemtv.com\/?p=25676"},"modified":"2025-03-21T13:43:59","modified_gmt":"2025-03-21T10:43:59","slug":"minik-ogrenciler-doga-sevgisini-ogreniyor","status":"publish","type":"post","link":"https:\/\/www.egemtv.com\/?p=25676","title":{"rendered":"Minik \u00f6\u011frenciler do\u011fa sevgisini \u00f6\u011freniyor"},"content":{"rendered":"<p>Ayd\u0131n B\u00fcy\u00fck\u015fehir Belediyesi\u2019nin Mimar Sinan Mahallesi\u2019nde yer alan fidanl\u0131\u011f\u0131n\u0131 ziyaret eden anas\u0131n\u0131f\u0131 \u00f6\u011frencileri, do\u011fa sevgisinin yan\u0131 s\u0131ra hem fidan dikmeyi hem de bitkilerin geli\u015fim s\u00fcre\u00e7lerini \u00f6\u011frendi.<\/p>\n<p>Ayd\u0131n B\u00fcy\u00fck\u015fehir Belediye Ba\u015fkan\u0131 \u00d6zlem \u00c7er\u00e7io\u011flu\u2019nun \u00f6nc\u00fcl\u00fc\u011f\u00fcnde Ayd\u0131n\u2019\u0131n t\u00fcm il\u00e7elerinde her ya\u015ftan \u00f6\u011frenci i\u00e7in ger\u00e7ekle\u015ftirilen \u00e7al\u0131\u015fmalar devam ediyor. Efeler Cumhuriyet \u0130lkokulu\u2019nun anas\u0131n\u0131f\u0131 \u00f6\u011frencileri ve \u00f6\u011fretmenleri i\u00e7in ders zili Ayd\u0131n B\u00fcy\u00fck\u015fehir Belediyesi\u2019nin Mimar Sinan Mahallesi\u2019nde yer alan fidanl\u0131\u011f\u0131nda \u00e7ald\u0131. Fidanl\u0131ktaki derste hem fidan dikmeyi hem de bitkilerin geli\u015fim s\u00fcre\u00e7lerini yerinde \u00f6\u011frenen \u00e7ocuklara B\u00fcy\u00fck\u015fehir Belediyesi Park ve Bah\u00e7eler Dairesi Ba\u015fkanl\u0131\u011f\u0131\u2019n\u0131n personelleri de e\u015flik etti.<\/p>\n<p>\u00c7ocuklar\u0131n ki\u015fisel geli\u015fimleri i\u00e7in kent genelinde \u00e7e\u015fitli faaliyetler d\u00fczenleyen B\u00fcy\u00fck\u015fehir Belediyesi, bu kez de anas\u0131n\u0131f\u0131 \u00f6\u011frencilerini Mimar Sinan Mahallesi\u2019nde bulunan fidanl\u0131kta misafir etti. \u00d6\u011frenciler, derslerini topra\u011fa ve bitkilere dokunarak yapt\u0131. Minik \u00f6\u011frencilerin ders sonunda diktikleri \u00e7i\u00e7ekler, B\u00fcy\u00fck\u015fehir Belediyesi taraf\u0131ndan kendilerine hediye edildi.<\/p>\n<p>Ayd\u0131n B\u00fcy\u00fck\u015fehir Belediye Ba\u015fkan\u0131 \u00d6zlem \u00c7er\u00e7io\u011flu, \u00e7ocuklar\u0131n geli\u015fim s\u00fcrecinde topra\u011f\u0131n ve do\u011fan\u0131n \u00f6nemine dikkat \u00e7ekerek B\u00fcy\u00fck\u015fehir Belediyesi\u2019nin fidanl\u0131klar\u0131nda \u00f6\u011frencileri misafir etmekten memnuniyet duyduklar\u0131n\u0131 ifade etti.<br \/><\/p>\n","protected":false},"excerpt":{"rendered":"<p>Ayd\u0131n B\u00fcy\u00fck\u015fehir Belediyesi\u2019nin Mimar Sinan Mahallesi\u2019nde yer alan fidanl\u0131\u011f\u0131n\u0131 ziyaret eden anas\u0131n\u0131f\u0131 \u00f6\u011frencileri, do\u011fa sevgisinin yan\u0131 s\u0131ra hem fidan dikmeyi hem de bitkilerin geli\u015fim s\u00fcre\u00e7lerini \u00f6\u011frendi. Ayd\u0131n B\u00fcy\u00fck\u015fehir Belediye Ba\u015fkan\u0131 \u00d6zlem \u00c7er\u00e7io\u011flu\u2019nun \u00f6nc\u00fcl\u00fc\u011f\u00fcnde Ayd\u0131n\u2019\u0131n t\u00fcm il\u00e7elerinde her ya\u015ftan \u00f6\u011frenci i\u00e7in ger\u00e7ekle\u015ftirilen \u00e7al\u0131\u015fmalar devam ediyor. Efeler Cumhuriyet \u0130lkokulu\u2019nun anas\u0131n\u0131f\u0131 \u00f6\u011frencileri ve \u00f6\u011fretmenleri i\u00e7in ders zili Ayd\u0131n&#8230;<\/p>\n","protected":false},"author":1,"featured_media":25677,"comment_status":"open","ping_status":"open","sticky":false,"template":"","format":"standard","meta":{"_crdt_document":"","footnotes":""},"categories":[1],"tags":[],"class_list":["post-25676","post","type-post","status-publish","format-standard","has-post-thumbnail","hentry","category-guncel"],"_links":{"self":[{"href":"https:\/\/www.egemtv.com\/index.php?rest_route=\/wp\/v2\/posts\/25676","targetHints":{"allow":["GET"]}}],"collection":[{"href":"https:\/\/www.egemtv.com\/index.php?rest_route=\/wp\/v2\/posts"}],"about":[{"href":"https:\/\/www.egemtv.com\/index.php?rest_route=\/wp\/v2\/types\/post"}],"author":[{"embeddable":true,"href":"https:\/\/www.egemtv.com\/index.php?rest_route=\/wp\/v2\/users\/1"}],"replies":[{"embeddable":true,"href":"https:\/\/www.egemtv.com\/index.php?rest_route=%2Fwp%2Fv2%2Fcomments&post=25676"}],"version-history":[{"count":1,"href":"https:\/\/www.egemtv.com\/index.php?rest_route=\/wp\/v2\/posts\/25676\/revisions"}],"predecessor-version":[{"id":25678,"href":"https:\/\/www.egemtv.com\/index.php?rest_route=\/wp\/v2\/posts\/25676\/revisions\/25678"}],"wp:featuredmedia":[{"embeddable":true,"href":"https:\/\/www.egemtv.com\/index.php?rest_route=\/wp\/v2\/media\/25677"}],"wp:attachment":[{"href":"https:\/\/www.egemtv.com\/index.php?rest_route=%2Fwp%2Fv2%2Fmedia&parent=25676"}],"wp:term":[{"taxonomy":"category","embeddable":true,"href":"https:\/\/www.egemtv.com\/index.php?rest_route=%2Fwp%2Fv2%2Fcategories&post=25676"},{"taxonomy":"post_tag","embeddable":true,"href":"https:\/\/www.egemtv.com\/index.php?rest_route=%2Fwp%2Fv2%2Ftags&post=25676"}],"curies":[{"name":"wp","href":"https:\/\/api.w.org\/{rel}","templated":true}]}}