{"id":25673,"date":"2025-03-21T13:43:51","date_gmt":"2025-03-21T10:43:51","guid":{"rendered":"https:\/\/www.egemtv.com\/?p=25673"},"modified":"2025-03-21T13:43:55","modified_gmt":"2025-03-21T10:43:55","slug":"bayram-oncesi-on-line-aliveriste-turk-lokumuna-yogun-ilgi","status":"publish","type":"post","link":"https:\/\/www.egemtv.com\/?p=25673","title":{"rendered":"Bayram \u00f6ncesi on-line al\u0131veri\u015fte T\u00fcrk lokumuna yo\u011fun ilgi"},"content":{"rendered":"<p>T\u00fcrklerin geleneksel lezzetlerinin ba\u015f\u0131nda yer alan lokum, Ramazan Bayram\u0131 \u00f6ncesi on-line al\u0131\u015fveri\u015f sitelerinde en \u00e7ok tercih edilen \u00fcr\u00fcnler aras\u0131nda ba\u015f\u0131 \u00e7ekti. Ramazan Bayram\u0131\u2019n\u0131n yakla\u015fmas\u0131 ile birlikte on-line sat\u0131\u015f sitelerine d\u00fc\u015fen en \u00e7ok talebin T\u00fcrk Lokumu oldu\u011funu belirten Tu\u011fba Kuruyemi\u015f Fabrika M\u00fcd\u00fcr\u00fc Nadir Keser, &#8220;Son 2 haftada on-line sat\u0131\u015flarda lokum sat\u0131\u015flar\u0131 tavan yapt\u0131&#8221; dedi.<br \/>\n<br \/>&#8220;T\u00fcrkiye\u2019nin en \u00e7ok satan lokumu Tu\u011fba\u2019n\u0131n oldu&#8221;<br \/>\n<br \/>T\u00fcrkiye\u2019nin en \u00f6nde gelen on-line sat\u0131\u015f platformlar\u0131n\u0131n verilerine g\u00f6re \u00fclkede en \u00e7ok sat\u0131lan lokumun Tu\u011fba Kuruyemi\u015f\u2019in \u2018\u00dcst\u00fcn Lezzet \u00d6d\u00fcll\u00fc\u2019 \u00fcr\u00fcn\u00fc olan Bademli Antep R\u00fcyas\u0131 oldu\u011funu kendilerine bildirildi\u011fini kaydeden Fabrika M\u00fcd\u00fcr\u00fc Keser, &#8220;Tu\u011fba Kuruyemi\u015f olarak T\u00fcrk Lokum\u2019na \u00f6zel \u00fcretim departman\u0131m\u0131z var. Her ge\u00e7en g\u00fcn daha da iyisini \u00fcretmek i\u00e7in \u00e7al\u0131\u015fmalar\u0131m\u0131z devam ediyor. Bununla birlikte \u00fcr\u00fcnlerimize olan ilgi de her ge\u00e7en g\u00fcn art\u0131yor. Nitekim on-line sat\u0131\u015f firmalar\u0131n\u0131n son raporlar\u0131 T\u00fcrkiye\u2019de en \u00e7ok sat\u0131lan \u00fcr\u00fcn\u00fcn Tu\u011fba Kuruyemi\u015f\u2019in lokumlar\u0131 oldu\u011funu ortaya koydu&#8221; dedi.<br \/>\n<br \/>&#8220;S\u00fcrd\u00fcr\u00fclebilir kalite temel prensibimiz&#8221;<br \/>\n<br \/>Yakla\u015f\u0131k 40 y\u0131ld\u0131r sadece \u00fcretim \u00fczerine de\u011fil daha iyisini ve en kalitelisini ortaya \u00e7\u0131karmak i\u00e7in \u00e7al\u0131\u015ft\u0131klar\u0131n\u0131 belirten Tu\u011fba Kuruyemi\u015f Fabrika M\u00fcd\u00fcr\u00fc Nadir Keser, &#8220;Verilere g\u00f6re \u00fclkenin ilk 3\u2019te yer alan on-line sat\u0131\u015f platformlar\u0131n\u0131n raporuna g\u00f6re; en \u00e7ok sat\u0131lan 10 \u00fcr\u00fcn, en \u00e7ok tekrar sat\u0131n al\u0131nan on \u00fcr\u00fcnden 8\u2019i en \u00e7ok ziyaret edilen 10 \u00fcr\u00fcnden 9\u2019u, en \u00e7ok favorilenen 10 \u00fcr\u00fcnden 8\u2019i, Tu\u011fba Kuruyemi\u015f\u2019in lokumlar\u0131 olmu\u015f. Bizim i\u00e7in mutluluk verici bir durum&#8221; diyerek Ramazan Bayram\u0131\u2019na \u00f6zel indirim kampanylar\u0131n\u0131n hem ma\u011fazalarda hem de on-line sat\u0131\u015f sitelerinde devam edece\u011fini belirtti.<br \/><\/p>\n","protected":false},"excerpt":{"rendered":"<p>T\u00fcrklerin geleneksel lezzetlerinin ba\u015f\u0131nda yer alan lokum, Ramazan Bayram\u0131 \u00f6ncesi on-line al\u0131\u015fveri\u015f sitelerinde en \u00e7ok tercih edilen \u00fcr\u00fcnler aras\u0131nda ba\u015f\u0131 \u00e7ekti. Ramazan Bayram\u0131\u2019n\u0131n yakla\u015fmas\u0131 ile birlikte on-line sat\u0131\u015f sitelerine d\u00fc\u015fen en \u00e7ok talebin T\u00fcrk Lokumu oldu\u011funu belirten Tu\u011fba Kuruyemi\u015f Fabrika M\u00fcd\u00fcr\u00fc Nadir Keser, &#8220;Son 2 haftada on-line sat\u0131\u015flarda lokum sat\u0131\u015flar\u0131 tavan yapt\u0131&#8221; dedi. &#8220;T\u00fcrkiye\u2019nin en&#8230;<\/p>\n","protected":false},"author":1,"featured_media":25674,"comment_status":"open","ping_status":"open","sticky":false,"template":"","format":"standard","meta":{"_crdt_document":"","footnotes":""},"categories":[1],"tags":[],"class_list":["post-25673","post","type-post","status-publish","format-standard","has-post-thumbnail","hentry","category-guncel"],"_links":{"self":[{"href":"https:\/\/www.egemtv.com\/index.php?rest_route=\/wp\/v2\/posts\/25673","targetHints":{"allow":["GET"]}}],"collection":[{"href":"https:\/\/www.egemtv.com\/index.php?rest_route=\/wp\/v2\/posts"}],"about":[{"href":"https:\/\/www.egemtv.com\/index.php?rest_route=\/wp\/v2\/types\/post"}],"author":[{"embeddable":true,"href":"https:\/\/www.egemtv.com\/index.php?rest_route=\/wp\/v2\/users\/1"}],"replies":[{"embeddable":true,"href":"https:\/\/www.egemtv.com\/index.php?rest_route=%2Fwp%2Fv2%2Fcomments&post=25673"}],"version-history":[{"count":1,"href":"https:\/\/www.egemtv.com\/index.php?rest_route=\/wp\/v2\/posts\/25673\/revisions"}],"predecessor-version":[{"id":25675,"href":"https:\/\/www.egemtv.com\/index.php?rest_route=\/wp\/v2\/posts\/25673\/revisions\/25675"}],"wp:featuredmedia":[{"embeddable":true,"href":"https:\/\/www.egemtv.com\/index.php?rest_route=\/wp\/v2\/media\/25674"}],"wp:attachment":[{"href":"https:\/\/www.egemtv.com\/index.php?rest_route=%2Fwp%2Fv2%2Fmedia&parent=25673"}],"wp:term":[{"taxonomy":"category","embeddable":true,"href":"https:\/\/www.egemtv.com\/index.php?rest_route=%2Fwp%2Fv2%2Fcategories&post=25673"},{"taxonomy":"post_tag","embeddable":true,"href":"https:\/\/www.egemtv.com\/index.php?rest_route=%2Fwp%2Fv2%2Ftags&post=25673"}],"curies":[{"name":"wp","href":"https:\/\/api.w.org\/{rel}","templated":true}]}}