{"id":25670,"date":"2025-03-21T13:24:01","date_gmt":"2025-03-21T10:24:01","guid":{"rendered":"https:\/\/www.egemtv.com\/?p=25670"},"modified":"2025-03-21T13:24:05","modified_gmt":"2025-03-21T10:24:05","slug":"oku-yorum-projesi-somada-okuma-aliskanliklari-artiyor","status":"publish","type":"post","link":"https:\/\/www.egemtv.com\/?p=25670","title":{"rendered":"\u2019Oku-yorum\u2019 projesi Soma\u2019da okuma al\u0131\u015fkanl\u0131klar\u0131 art\u0131yor"},"content":{"rendered":"<p>Soma Ali Uzuno\u011flu Anadolu \u0130mam Hatip Lisesi, 2021 y\u0131l\u0131nda ba\u015flayan \u2019Oku-Yorum Okuma K\u00fclt\u00fcr\u00fcn\u00fcn Geli\u015ftirilmesi Projesi\u2019ne devam ediyor. Bu kapsamda, \u00f6\u011frencilerin kitap okuma al\u0131\u015fkanl\u0131klar\u0131n\u0131 art\u0131rmak amac\u0131yla okulda yeni bir ad\u0131m at\u0131ld\u0131. 2025 y\u0131l\u0131 Mart-Haziran d\u00f6nemi boyunca uygulanacak proje, her ay bir kitap okuma hedefiyle \u00f6\u011frenciler aras\u0131nda kitap okuma gruplar\u0131 olu\u015fturulmas\u0131n\u0131 i\u00e7eriyor. Proje, \u00f6\u011frencilerin en az d\u00f6rt kitap okumalar\u0131n\u0131 hedefliyor.<br \/>\n<br \/>Proje kapsam\u0131nda olu\u015fturulan onar ki\u015filik okuma gruplar\u0131nda, \u00f6\u011frenciler, tak\u0131m liderlerinin rehberli\u011finde her ay belirlenen kitaplar\u0131 okuyarak, okuma k\u00fclt\u00fcrlerini geli\u015ftiriyorlar. Ayr\u0131ca, projeye kat\u0131lan \u00f6\u011frencilerin okumas\u0131 tavsiye edilen eserler aras\u0131nda, T\u00fcrk edebiyat\u0131n\u0131n \u00f6nemli yazarlar\u0131ndan Mehmet Akif \u0130nan, Alaeddin \u00d6zden\u00f6ren ve Ali Kutlay\u2019a ait eserler yer al\u0131yor.<br \/>\n<br \/>Okul M\u00fcd\u00fcr\u00fc \u015eenay G\u00fcn Bahar projeyle ilgili yapt\u0131\u011f\u0131 a\u00e7\u0131klamada, &#8220;Oku-Yorum projesinin \u00f6\u011frencilerimize kitap okuma al\u0131\u015fkanl\u0131\u011f\u0131 kazand\u0131rmak, edebi birikimlerini art\u0131rmak ve okuma k\u00fclt\u00fcr\u00fcn\u00fc yayg\u0131nla\u015ft\u0131rmak ad\u0131na \u00e7ok \u00f6nemli bir ad\u0131m. Ayr\u0131ca, proje sadece bir okuma etkinli\u011fi de\u011fil, ayn\u0131 zamanda \u00f6\u011frencilerin sosyal ve k\u00fclt\u00fcrel geli\u015fimlerine katk\u0131 sa\u011flayan bir s\u00fcre\u00e7.&#8221; dedi.<br \/>\n<br \/>Proje s\u00fcresince \u00f6\u011frenciler, seviyelerine uygun kitaplarla tan\u0131\u015facak ve her ay d\u00fczenlenen okuma faaliyetleriyle kitap okuma al\u0131\u015fkanl\u0131klar\u0131n\u0131 peki\u015ftirecek. \u00d6\u011frencilerin okumaya y\u00f6nelik bu ad\u0131mlarla daha geni\u015f bir d\u00fc\u015f\u00fcnme ve analiz yetene\u011fi kazanmalar\u0131 hedefleniyor.<br \/><\/p>\n","protected":false},"excerpt":{"rendered":"<p>Soma Ali Uzuno\u011flu Anadolu \u0130mam Hatip Lisesi, 2021 y\u0131l\u0131nda ba\u015flayan \u2019Oku-Yorum Okuma K\u00fclt\u00fcr\u00fcn\u00fcn Geli\u015ftirilmesi Projesi\u2019ne devam ediyor. Bu kapsamda, \u00f6\u011frencilerin kitap okuma al\u0131\u015fkanl\u0131klar\u0131n\u0131 art\u0131rmak amac\u0131yla okulda yeni bir ad\u0131m at\u0131ld\u0131. 2025 y\u0131l\u0131 Mart-Haziran d\u00f6nemi boyunca uygulanacak proje, her ay bir kitap okuma hedefiyle \u00f6\u011frenciler aras\u0131nda kitap okuma gruplar\u0131 olu\u015fturulmas\u0131n\u0131 i\u00e7eriyor. Proje, \u00f6\u011frencilerin en az d\u00f6rt&#8230;<\/p>\n","protected":false},"author":1,"featured_media":25671,"comment_status":"open","ping_status":"open","sticky":false,"template":"","format":"standard","meta":{"_crdt_document":"","footnotes":""},"categories":[1],"tags":[],"class_list":["post-25670","post","type-post","status-publish","format-standard","has-post-thumbnail","hentry","category-guncel"],"_links":{"self":[{"href":"https:\/\/www.egemtv.com\/index.php?rest_route=\/wp\/v2\/posts\/25670","targetHints":{"allow":["GET"]}}],"collection":[{"href":"https:\/\/www.egemtv.com\/index.php?rest_route=\/wp\/v2\/posts"}],"about":[{"href":"https:\/\/www.egemtv.com\/index.php?rest_route=\/wp\/v2\/types\/post"}],"author":[{"embeddable":true,"href":"https:\/\/www.egemtv.com\/index.php?rest_route=\/wp\/v2\/users\/1"}],"replies":[{"embeddable":true,"href":"https:\/\/www.egemtv.com\/index.php?rest_route=%2Fwp%2Fv2%2Fcomments&post=25670"}],"version-history":[{"count":1,"href":"https:\/\/www.egemtv.com\/index.php?rest_route=\/wp\/v2\/posts\/25670\/revisions"}],"predecessor-version":[{"id":25672,"href":"https:\/\/www.egemtv.com\/index.php?rest_route=\/wp\/v2\/posts\/25670\/revisions\/25672"}],"wp:featuredmedia":[{"embeddable":true,"href":"https:\/\/www.egemtv.com\/index.php?rest_route=\/wp\/v2\/media\/25671"}],"wp:attachment":[{"href":"https:\/\/www.egemtv.com\/index.php?rest_route=%2Fwp%2Fv2%2Fmedia&parent=25670"}],"wp:term":[{"taxonomy":"category","embeddable":true,"href":"https:\/\/www.egemtv.com\/index.php?rest_route=%2Fwp%2Fv2%2Fcategories&post=25670"},{"taxonomy":"post_tag","embeddable":true,"href":"https:\/\/www.egemtv.com\/index.php?rest_route=%2Fwp%2Fv2%2Ftags&post=25670"}],"curies":[{"name":"wp","href":"https:\/\/api.w.org\/{rel}","templated":true}]}}