{"id":25667,"date":"2025-03-21T13:23:57","date_gmt":"2025-03-21T10:23:57","guid":{"rendered":"https:\/\/www.egemtv.com\/?p=25667"},"modified":"2025-03-21T13:24:01","modified_gmt":"2025-03-21T10:24:01","slug":"incirliova-lizbon-ile-proje-ortakligi-yapacak","status":"publish","type":"post","link":"https:\/\/www.egemtv.com\/?p=25667","title":{"rendered":"\u0130ncirliova Lizbon ile proje ortakl\u0131\u011f\u0131 yapacak"},"content":{"rendered":"<p>\u0130ncirliova Belediye Ba\u015fkan\u0131 Aytekin Kaya Portekiz\u2019in Lizbon b\u00f6lgesine ba\u011fl\u0131 B\u00fcy\u00fck Lizbon alt b\u00f6lgesinin belediyelerinden, Mafra Belediye Ba\u015fkan\u0131 Hugo Moreira Luis ile video konferans \u00fczerinden toplant\u0131 ger\u00e7ekle\u015ftirdi.<\/p>\n<p>D\u0131\u015fi\u015fleri Bakanl\u0131\u011f\u0131 taraf\u0131ndan yap\u0131lan planlama do\u011frultusunda \u0130ncirliova Belediyesi\u2019nin karde\u015f \u015fehir protokol\u00fc imzalama a\u015famas\u0131nda oldu\u011fu Mafra Belediyesi aras\u0131nda ilk g\u00f6r\u00fc\u015fme video konferans toplant\u0131s\u0131 ile ger\u00e7ekle\u015fti.<\/p>\n<p>Toplant\u0131da terc\u00fcmanlar arac\u0131l\u0131\u011f\u0131 ile konu\u015fan Ba\u015fkan Kaya ve Ba\u015fkan Luis birbirlerine kar\u015f\u0131l\u0131kl\u0131 olarak \u015fehirlerine ili\u015fkin genel bilgileri aktard\u0131lar. Ortak projelerde i\u015fbirli\u011fi yapma ve kurumlar aras\u0131 ileti\u015fimi g\u00fc\u00e7lendirme karar\u0131 alan iki ba\u015fkan toplant\u0131dan duyduklar\u0131 memnuniyeti de dile getirdi. Toplant\u0131da \u0130ncirliova Belediye Ba\u015fkan Yard\u0131mc\u0131s\u0131 \u00c7etin Bayatl\u0131, K\u00fclt\u00fcr ve Sosyal \u0130\u015fler M\u00fcd\u00fcr\u00fc Yasemin \u00d6zcan K\u00fc\u00e7\u00fck, Ba\u015fkan Dan\u0131\u015fman\u0131 H\u00fcseyin \u00c7etin ve terc\u00fcman olarak da Fatmanur Korucu ile Emel Ersaral yer ald\u0131.<\/p>\n<p>Ba\u015fkan Kaya Portekiz\u2019e gidecek<br \/>\n<br \/>Yap\u0131lan g\u00f6r\u00fc\u015fmede Mafra Belediye Ba\u015fkan\u0131 Hugo Moreira Luis, Ba\u015fkan Kaya\u2019y\u0131 her sene 4 Temmuz tarihinde \u015fehirlerinde d\u00fczenlenen geleneksel festivale davet etti. Davetten memnuniyet duydu\u011funu dile getiren Ba\u015fkan Kaya program\u0131n\u0131n uygun olmas\u0131 durumunda festival i\u00e7in Lizbon\u2019da olaca\u011f\u0131n\u0131n s\u00f6z\u00fcn\u00fc verirken Ba\u015fkan Luis\u2019i \u0130ncirliova Deve G\u00fcre\u015fi Festivali\u2019ne davet etti. Ba\u015fkan Luis\u2019de \u0130ncirliova\u2019da olmaktan memnuniyet duyaca\u011f\u0131n\u0131 dile getirdi. Kar\u015f\u0131l\u0131kl\u0131 iyi dilek ve temenniler ile g\u00f6r\u00fc\u015fme sona erdi.<\/p>\n<p>Ortak projeler ve i\u015fbirli\u011fi karar\u0131<br \/>\n<br \/>Mafra Belediye Ba\u015fkan\u0131 Hugo Moreira Luis ile ger\u00e7ekle\u015ftirdi\u011fi toplant\u0131ya ili\u015fkin detaylar\u0131 payla\u015fan Ba\u015fkan Kaya, &#8220;D\u0131\u015fi\u015fleri Bakanl\u0131\u011f\u0131m\u0131zca yap\u0131lan planlama do\u011frultusunda Karde\u015f \u015eehir Protokol\u00fc imzalama a\u015famas\u0131nda oldu\u011fumuz Mafra Belediyesi ile ilk toplant\u0131m\u0131z\u0131 video konferans \u00fczerinden ger\u00e7ekle\u015ftirdik. \u0130ncirliova Belediye Ba\u015fkan Yard\u0131mc\u0131m\u0131z \u00c7etin Bayatl\u0131, K\u00fclt\u00fcr ve Sosyal \u0130\u015fler M\u00fcd\u00fcr\u00fcm\u00fcz Yasemin \u00d6zcan K\u00fc\u00e7\u00fck, Ba\u015fkan Dan\u0131\u015fman\u0131m\u0131z H\u00fcseyin \u00c7etin ve terc\u00fcme de bizlere yard\u0131mc\u0131 olan \u0130ncirliovam\u0131z\u0131n k\u0131ymetli evlatlar\u0131 Fatmanur Korucu ve Emel Ersaral ile birlikte Mafra Belediye Ba\u015fkan\u0131 Hugo Moreira Luis ile yapt\u0131\u011f\u0131m\u0131z g\u00f6r\u00fc\u015fme son derece olumlu ge\u00e7ti. Her iki \u015fehrin k\u00fclt\u00fcrel ve sosyal payla\u015f\u0131mlarda bulunmas\u0131n\u0131n yan\u0131 s\u0131ra belediyecilik faaliyetleri noktas\u0131nda da birbirimize destek olabilecek ortak alanlar\u0131n oldu\u011funu g\u00f6rd\u00fck. Mafra Belediyesi ve \u0130ncirliovam\u0131z i\u00e7in ortak projelerde i\u015fbirli\u011fi yapma ve kurumlar aras\u0131 ileti\u015fimi g\u00fc\u00e7lendirme konular\u0131nda mevkida\u015f\u0131m Ba\u015fkan Luis ile mutabakata vard\u0131k. Kendisi bizi 4 Temmuz\u2019da \u015fehirlerinde d\u00fczenlenen geleneksel \u015fehir festivallerine davet etti. Biz de kendisini 39. sunu d\u00fczenleyece\u011fimiz Geleneksel \u0130ncirliova Deve G\u00fcre\u015fi Festivalimize davet ettik. \u0130ncirliova\u2019dan Portekiz\u2019e kurdu\u011fumuz g\u00f6n\u00fcl k\u00f6pr\u00fcs\u00fcn\u00fcn Mafra Belediyesi ve \u0130ncirliovam\u0131z i\u00e7in hay\u0131rlara vesile olmas\u0131n\u0131 temenni ediyor, Ba\u015fkan Luis\u2019e ve ekibine te\u015fekk\u00fcr ediyorum&#8221; ifadelerine yer verdi.<br \/><\/p>\n","protected":false},"excerpt":{"rendered":"<p>\u0130ncirliova Belediye Ba\u015fkan\u0131 Aytekin Kaya Portekiz\u2019in Lizbon b\u00f6lgesine ba\u011fl\u0131 B\u00fcy\u00fck Lizbon alt b\u00f6lgesinin belediyelerinden, Mafra Belediye Ba\u015fkan\u0131 Hugo Moreira Luis ile video konferans \u00fczerinden toplant\u0131 ger\u00e7ekle\u015ftirdi. D\u0131\u015fi\u015fleri Bakanl\u0131\u011f\u0131 taraf\u0131ndan yap\u0131lan planlama do\u011frultusunda \u0130ncirliova Belediyesi\u2019nin karde\u015f \u015fehir protokol\u00fc imzalama a\u015famas\u0131nda oldu\u011fu Mafra Belediyesi aras\u0131nda ilk g\u00f6r\u00fc\u015fme video konferans toplant\u0131s\u0131 ile ger\u00e7ekle\u015fti. Toplant\u0131da terc\u00fcmanlar arac\u0131l\u0131\u011f\u0131 ile konu\u015fan&#8230;<\/p>\n","protected":false},"author":1,"featured_media":25668,"comment_status":"open","ping_status":"open","sticky":false,"template":"","format":"standard","meta":{"_crdt_document":"","footnotes":""},"categories":[1],"tags":[],"class_list":["post-25667","post","type-post","status-publish","format-standard","has-post-thumbnail","hentry","category-guncel"],"_links":{"self":[{"href":"https:\/\/www.egemtv.com\/index.php?rest_route=\/wp\/v2\/posts\/25667","targetHints":{"allow":["GET"]}}],"collection":[{"href":"https:\/\/www.egemtv.com\/index.php?rest_route=\/wp\/v2\/posts"}],"about":[{"href":"https:\/\/www.egemtv.com\/index.php?rest_route=\/wp\/v2\/types\/post"}],"author":[{"embeddable":true,"href":"https:\/\/www.egemtv.com\/index.php?rest_route=\/wp\/v2\/users\/1"}],"replies":[{"embeddable":true,"href":"https:\/\/www.egemtv.com\/index.php?rest_route=%2Fwp%2Fv2%2Fcomments&post=25667"}],"version-history":[{"count":1,"href":"https:\/\/www.egemtv.com\/index.php?rest_route=\/wp\/v2\/posts\/25667\/revisions"}],"predecessor-version":[{"id":25669,"href":"https:\/\/www.egemtv.com\/index.php?rest_route=\/wp\/v2\/posts\/25667\/revisions\/25669"}],"wp:featuredmedia":[{"embeddable":true,"href":"https:\/\/www.egemtv.com\/index.php?rest_route=\/wp\/v2\/media\/25668"}],"wp:attachment":[{"href":"https:\/\/www.egemtv.com\/index.php?rest_route=%2Fwp%2Fv2%2Fmedia&parent=25667"}],"wp:term":[{"taxonomy":"category","embeddable":true,"href":"https:\/\/www.egemtv.com\/index.php?rest_route=%2Fwp%2Fv2%2Fcategories&post=25667"},{"taxonomy":"post_tag","embeddable":true,"href":"https:\/\/www.egemtv.com\/index.php?rest_route=%2Fwp%2Fv2%2Ftags&post=25667"}],"curies":[{"name":"wp","href":"https:\/\/api.w.org\/{rel}","templated":true}]}}