{"id":25664,"date":"2025-03-21T13:23:53","date_gmt":"2025-03-21T10:23:53","guid":{"rendered":"https:\/\/www.egemtv.com\/?p=25664"},"modified":"2025-03-21T13:23:57","modified_gmt":"2025-03-21T10:23:57","slug":"muglada-milli-egitim-ailesi-iftar-programinda-bulustu","status":"publish","type":"post","link":"https:\/\/www.egemtv.com\/?p=25664","title":{"rendered":"Mu\u011fla\u2019da milli e\u011fitim ailesi iftar program\u0131nda bulu\u015ftu"},"content":{"rendered":"<p>Mu\u011fla \u0130l Mill\u00ee E\u011fitim M\u00fcd\u00fcrl\u00fc\u011f\u00fc, Ramazan ay\u0131n\u0131n manevi atmosferini payla\u015fmak amac\u0131yla d\u00fczenlenen iftar program\u0131nda bir araya geldi.<\/p>\n<p>Mu\u011fla Olgunla\u015fma Enstit\u00fcs\u00fc\u2019nde ger\u00e7ekle\u015ftirilen programa, Mu\u011fla \u0130l Mill\u00ee E\u011fitim M\u00fcd\u00fcr\u00fc Emre \u00c7ay ve kurum \u00e7al\u0131\u015fanlar\u0131 kat\u0131ld\u0131. \u0130ftar program\u0131nda konu\u015fma yapan \u0130l Mill\u00ee E\u011fitim M\u00fcd\u00fcr\u00fc Emre \u00c7ay, Ramazan ay\u0131n\u0131n birlik ve beraberlik ruhuna vurgu yaparak \u015funlar\u0131 s\u00f6yledi:<br \/>\n<br \/>&#8220;Ba\u015f\u0131 rahmet, ortas\u0131 ma\u011ffiret, sonu ebedi azaptan kurtulu\u015f olan m\u00fcbarek Ramazan ay\u0131 vesilesiyle tertipledi\u011fimiz bu anlaml\u0131 iftar bulu\u015fmas\u0131nda sizleri sayg\u0131, sevgi ve h\u00fcrmetle selaml\u0131yorum. Birlik ve beraberlik i\u00e7inde olmak, lokmam\u0131z\u0131 payla\u015fmak ve b\u00fcy\u00fck bir aile oldu\u011fumuzu hissetmek ad\u0131na ger\u00e7ekle\u015ftirdi\u011fimiz bu g\u00fczel ak\u015famda sizlerle birlikte olmaktan mutluluk duyuyorum&#8221;<\/p>\n<p>Mu\u011fla \u0130l Mill\u00ee E\u011fitim M\u00fcd\u00fcrl\u00fc\u011f\u00fc\u2019n\u00fcn b\u00fcy\u00fck bir aile oldu\u011funu vurgulayan \u00c7ay, kuruma emek veren t\u00fcm \u00e7al\u0131\u015fanlara te\u015fekk\u00fcr ederek, Ramazan Bayram\u0131\u2019na sa\u011fl\u0131k, huzur ve mutluluk i\u00e7inde ula\u015fma temennisinde bulundu.<\/p>\n<p>\u0130ftar program\u0131, samimi bir atmosferde ge\u00e7erken, kat\u0131l\u0131mc\u0131lar Ramazan\u2019\u0131n manevi de\u011ferlerini birlikte payla\u015fman\u0131n mutlulu\u011funu ya\u015fad\u0131. Program\u0131n sonunda, etkinli\u011fe katk\u0131 sa\u011flayan herkese te\u015fekk\u00fcr edilerek birlik ve beraberli\u011fin daim olmas\u0131 dile\u011fiyle program sona erdi.<br \/><\/p>\n","protected":false},"excerpt":{"rendered":"<p>Mu\u011fla \u0130l Mill\u00ee E\u011fitim M\u00fcd\u00fcrl\u00fc\u011f\u00fc, Ramazan ay\u0131n\u0131n manevi atmosferini payla\u015fmak amac\u0131yla d\u00fczenlenen iftar program\u0131nda bir araya geldi. Mu\u011fla Olgunla\u015fma Enstit\u00fcs\u00fc\u2019nde ger\u00e7ekle\u015ftirilen programa, Mu\u011fla \u0130l Mill\u00ee E\u011fitim M\u00fcd\u00fcr\u00fc Emre \u00c7ay ve kurum \u00e7al\u0131\u015fanlar\u0131 kat\u0131ld\u0131. \u0130ftar program\u0131nda konu\u015fma yapan \u0130l Mill\u00ee E\u011fitim M\u00fcd\u00fcr\u00fc Emre \u00c7ay, Ramazan ay\u0131n\u0131n birlik ve beraberlik ruhuna vurgu yaparak \u015funlar\u0131 s\u00f6yledi: &#8220;Ba\u015f\u0131 rahmet,&#8230;<\/p>\n","protected":false},"author":1,"featured_media":25665,"comment_status":"open","ping_status":"open","sticky":false,"template":"","format":"standard","meta":{"_crdt_document":"","footnotes":""},"categories":[1],"tags":[],"class_list":["post-25664","post","type-post","status-publish","format-standard","has-post-thumbnail","hentry","category-guncel"],"_links":{"self":[{"href":"https:\/\/www.egemtv.com\/index.php?rest_route=\/wp\/v2\/posts\/25664","targetHints":{"allow":["GET"]}}],"collection":[{"href":"https:\/\/www.egemtv.com\/index.php?rest_route=\/wp\/v2\/posts"}],"about":[{"href":"https:\/\/www.egemtv.com\/index.php?rest_route=\/wp\/v2\/types\/post"}],"author":[{"embeddable":true,"href":"https:\/\/www.egemtv.com\/index.php?rest_route=\/wp\/v2\/users\/1"}],"replies":[{"embeddable":true,"href":"https:\/\/www.egemtv.com\/index.php?rest_route=%2Fwp%2Fv2%2Fcomments&post=25664"}],"version-history":[{"count":1,"href":"https:\/\/www.egemtv.com\/index.php?rest_route=\/wp\/v2\/posts\/25664\/revisions"}],"predecessor-version":[{"id":25666,"href":"https:\/\/www.egemtv.com\/index.php?rest_route=\/wp\/v2\/posts\/25664\/revisions\/25666"}],"wp:featuredmedia":[{"embeddable":true,"href":"https:\/\/www.egemtv.com\/index.php?rest_route=\/wp\/v2\/media\/25665"}],"wp:attachment":[{"href":"https:\/\/www.egemtv.com\/index.php?rest_route=%2Fwp%2Fv2%2Fmedia&parent=25664"}],"wp:term":[{"taxonomy":"category","embeddable":true,"href":"https:\/\/www.egemtv.com\/index.php?rest_route=%2Fwp%2Fv2%2Fcategories&post=25664"},{"taxonomy":"post_tag","embeddable":true,"href":"https:\/\/www.egemtv.com\/index.php?rest_route=%2Fwp%2Fv2%2Ftags&post=25664"}],"curies":[{"name":"wp","href":"https:\/\/api.w.org\/{rel}","templated":true}]}}