{"id":25661,"date":"2025-03-21T13:23:49","date_gmt":"2025-03-21T10:23:49","guid":{"rendered":"https:\/\/www.egemtv.com\/?p=25661"},"modified":"2025-03-21T13:23:53","modified_gmt":"2025-03-21T10:23:53","slug":"baskan-kaya-arzulara-kopru-icin-ilk-betonu-doktu","status":"publish","type":"post","link":"https:\/\/www.egemtv.com\/?p=25661","title":{"rendered":"Ba\u015fkan Kaya Arzular\u2019a k\u00f6pr\u00fc i\u00e7in ilk betonu d\u00f6kt\u00fc"},"content":{"rendered":"<p>\u0130ncirliova Belediye Ba\u015fkan\u0131 Aytekin Kaya Arzular Mahallesi\u2019nde yap\u0131lacak k\u00f6pr\u00fcn\u00fcn temel atma i\u015flemini mahalle sakinleri ile birlikte ger\u00e7ekle\u015ftirdi.<\/p>\n<p>Temiz havas\u0131 ve do\u011fal g\u00fczelli\u011fi ile \u0130ncirliova\u2019n\u0131n en g\u00fczel mahallelerinden biri olan Arzular Mahallesi\u2019nde vatanda\u015flar\u0131n bah\u00e7e ve tarlalar\u0131na gitmek i\u00e7in kulland\u0131klar\u0131 yol \u00fczerindeki k\u00f6pr\u00fcn\u00fcn yap\u0131m \u00e7al\u0131\u015fmalar\u0131na ba\u015fland\u0131. G\u00f6\u00e7\u00fck Gedi\u011fi Yolu olarak bilinen mevkide yap\u0131lacak olan k\u00f6pr\u00fc 17 metre uzunlu\u011funda ve 8 metre geni\u015fli\u011finde ara\u00e7 ve yaya ge\u00e7idine uygun olarak yap\u0131lacak.<\/p>\n<p>Yap\u0131m \u00e7al\u0131\u015fmalar\u0131n\u0131 yerinde incelemek i\u00e7in in\u015faat alan\u0131na gelen Ba\u015fkan Kaya\u2019y\u0131 Arzular Mahallesi Muhtar\u0131 \u00dcmit \u00d6zkan ve mahalle sakinlerinden olu\u015fan kalabal\u0131k kar\u015f\u0131lad\u0131. Kal\u0131b\u0131 \u00e7ak\u0131lan k\u00f6pr\u00fcye ilk betonun d\u00f6k\u00fclmesinden \u00f6nce in\u015faat alan\u0131nda dualar edildi ve kurban kesildi. K\u00f6pr\u00fcye ilk betonun d\u00f6k\u00fclmesi i\u00e7in d\u00fc\u011fmeye Ba\u015fkan Kaya ve Muhtar \u00d6zkan birlikte bast\u0131. \u00d6zkan ayn\u0131 zamanda Ba\u015fkan Kaya\u2019ya Arzular Mahallesi sakinleri ad\u0131na hediye takdiminde de bulundu.<\/p>\n<p>Muhtar \u00d6zkan k\u00f6pr\u00fcn\u00fcn yap\u0131m \u00e7al\u0131\u015fmalar\u0131na ba\u015flan\u0131lmas\u0131ndan duydu\u011fu memnuniyeti dile getirerek, &#8220;Y\u0131llarca vatanda\u015flar\u0131m\u0131z zeytine giderken \u00fcst\u00fcn\u00fc ba\u015f\u0131n\u0131 \u00e7\u0131kar\u0131p \u00e7ay\u0131n i\u00e7erisinden ge\u00e7mek zorunda kald\u0131lar. Aytekin Ba\u015fkan\u0131m\u0131z sayesinde bu s\u0131k\u0131nt\u0131lar\u0131 ya\u015famayaca\u011f\u0131z. Aytekin Ba\u015fkan\u0131m\u0131za ve t\u00fcm vesile olan herkese te\u015fekk\u00fcr ediyorum&#8221; dedi.<\/p>\n<p>Arzular Mahalle sakinlerinden 76 ya\u015f\u0131ndaki Ramazan Ak, &#8220;K\u00f6pr\u00fcn\u00fcn yap\u0131lmas\u0131ndan dolay\u0131 \u00e7ok memnunum. Y\u0131llarca \u00e7ok s\u0131k\u0131nt\u0131 \u00e7ektik. \u00c7ay\u0131n di\u011fer taraf\u0131nda 150 &#8211; 200 ki\u015finin yeri var. Herkes \u00e7ok rahat edecek. Aytekin Ba\u015fkan\u0131m\u0131za, muhtar\u0131m\u0131za, devletimize \u00e7ok te\u015fekk\u00fcr ediyorum&#8221; ifadelerini kulland\u0131.<\/p>\n<p>&#8220;\u00c7ay\u0131n i\u00e7erisinden \u00e7\u0131plak ayakla ge\u00e7iyorduk&#8221;<br \/>\n<br \/>Mahalle sakinlerinden Cahide Ak ise k\u00f6pr\u00fcn\u00fcn olmamas\u0131ndan dolay\u0131 mahallelilerin \u00e7ekti\u011fi s\u0131k\u0131nt\u0131lar\u0131 dile getirerek &#8221; \u00c7ay\u0131n i\u00e7erisinden \u00e7\u0131plak aya\u011f\u0131m\u0131zla, s\u0131rt\u0131m\u0131zda y\u00fckle \u00e7ok ge\u00e7mek zorunda kald\u0131k. S\u0131rt\u0131m\u0131zda zeytin de oldu \u00e7ocuk da oldu. Bundan sonra korkmadan bah\u00e7emize gidece\u011fiz. Ba\u015fkan\u0131m\u0131za \u00e7ok te\u015fekk\u00fcr ediyorum&#8221; ifadelerine yer verdi.<\/p>\n<p>Ba\u015fkan Kaya bir se\u00e7im s\u00f6z\u00fcn\u00fc daha yerine getirdi<br \/>\n<br \/>Arzular Mahallesi\u2019nde ba\u015flayan k\u00f6pr\u00fc in\u015faat\u0131na ili\u015fkin konu\u015fan Ba\u015fkan Kaya, &#8220;Arzular Mahalle Muhtar\u0131m\u0131z \u00dcmit \u00d6zkan ve vatanda\u015flar\u0131m\u0131z ile birlikte mahallemizde yap\u0131m\u0131na ba\u015flad\u0131\u011f\u0131m\u0131z k\u00f6pr\u00fc in\u015faat\u0131m\u0131za ilk betonu d\u00f6kt\u00fck. Se\u00e7im d\u00f6neminde vatanda\u015flar\u0131m\u0131z\u0131n talebi \u00fczerine verdi\u011fimiz bir s\u00f6zd\u00fc. Mahalle sakinlerimiz bah\u00e7e ve tarlalar\u0131na gidip gelirken \u00e7ay\u0131n i\u00e7erisinden ge\u00e7mek zorunda kal\u0131yor ve s\u0131k\u0131nt\u0131 \u00e7ekiyorlard\u0131. Gerekli g\u00f6r\u00fc\u015fmeleri ger\u00e7ekle\u015ftirerek DS\u0130 Genel M\u00fcd\u00fcrl\u00fc\u011f\u00fcm\u00fcz\u00fcn i\u015fbirli\u011fi ile k\u00f6pr\u00fcn\u00fcn yap\u0131m \u00e7al\u0131\u015fmalar\u0131na ba\u015flad\u0131k. \u0130n\u015fallah in\u015faat \u00e7al\u0131\u015fmalar\u0131m\u0131z k\u0131sa s\u00fcrede tamamlanacak ve bundan sonra Arzularl\u0131 vatanda\u015flar\u0131m\u0131z daha rahat ve g\u00fcvenli bir bi\u00e7imde bah\u00e7elerine gidip gelebilecekler. B\u00f6ylelikle se\u00e7im d\u00f6neminde verdi\u011fimiz bir s\u00f6z\u00fc daha yerine getirmi\u015f oluyoruz. Siyaset yok hizmet var demi\u015ftik. Merkez k\u0131rsal ayr\u0131m\u0131 yapmadan hizmet \u00fcretmeye devam ediyoruz. Devlet destekli belediyecilik hizmetlerimiz ile vatanda\u015flar\u0131m\u0131z\u0131n sorunlar\u0131na \u00e7\u00f6z\u00fcm \u00fcretirken, her zaman bizlere destekleri ile katk\u0131 sa\u011flayan herkese ayr\u0131 ayr\u0131 te\u015fekk\u00fcr ediyorum&#8221; dedi.<br \/><\/p>\n","protected":false},"excerpt":{"rendered":"<p>\u0130ncirliova Belediye Ba\u015fkan\u0131 Aytekin Kaya Arzular Mahallesi\u2019nde yap\u0131lacak k\u00f6pr\u00fcn\u00fcn temel atma i\u015flemini mahalle sakinleri ile birlikte ger\u00e7ekle\u015ftirdi. Temiz havas\u0131 ve do\u011fal g\u00fczelli\u011fi ile \u0130ncirliova\u2019n\u0131n en g\u00fczel mahallelerinden biri olan Arzular Mahallesi\u2019nde vatanda\u015flar\u0131n bah\u00e7e ve tarlalar\u0131na gitmek i\u00e7in kulland\u0131klar\u0131 yol \u00fczerindeki k\u00f6pr\u00fcn\u00fcn yap\u0131m \u00e7al\u0131\u015fmalar\u0131na ba\u015fland\u0131. G\u00f6\u00e7\u00fck Gedi\u011fi Yolu olarak bilinen mevkide yap\u0131lacak olan k\u00f6pr\u00fc 17 metre&#8230;<\/p>\n","protected":false},"author":1,"featured_media":25662,"comment_status":"open","ping_status":"open","sticky":false,"template":"","format":"standard","meta":{"_crdt_document":"","footnotes":""},"categories":[1],"tags":[],"class_list":["post-25661","post","type-post","status-publish","format-standard","has-post-thumbnail","hentry","category-guncel"],"_links":{"self":[{"href":"https:\/\/www.egemtv.com\/index.php?rest_route=\/wp\/v2\/posts\/25661","targetHints":{"allow":["GET"]}}],"collection":[{"href":"https:\/\/www.egemtv.com\/index.php?rest_route=\/wp\/v2\/posts"}],"about":[{"href":"https:\/\/www.egemtv.com\/index.php?rest_route=\/wp\/v2\/types\/post"}],"author":[{"embeddable":true,"href":"https:\/\/www.egemtv.com\/index.php?rest_route=\/wp\/v2\/users\/1"}],"replies":[{"embeddable":true,"href":"https:\/\/www.egemtv.com\/index.php?rest_route=%2Fwp%2Fv2%2Fcomments&post=25661"}],"version-history":[{"count":1,"href":"https:\/\/www.egemtv.com\/index.php?rest_route=\/wp\/v2\/posts\/25661\/revisions"}],"predecessor-version":[{"id":25663,"href":"https:\/\/www.egemtv.com\/index.php?rest_route=\/wp\/v2\/posts\/25661\/revisions\/25663"}],"wp:featuredmedia":[{"embeddable":true,"href":"https:\/\/www.egemtv.com\/index.php?rest_route=\/wp\/v2\/media\/25662"}],"wp:attachment":[{"href":"https:\/\/www.egemtv.com\/index.php?rest_route=%2Fwp%2Fv2%2Fmedia&parent=25661"}],"wp:term":[{"taxonomy":"category","embeddable":true,"href":"https:\/\/www.egemtv.com\/index.php?rest_route=%2Fwp%2Fv2%2Fcategories&post=25661"},{"taxonomy":"post_tag","embeddable":true,"href":"https:\/\/www.egemtv.com\/index.php?rest_route=%2Fwp%2Fv2%2Ftags&post=25661"}],"curies":[{"name":"wp","href":"https:\/\/api.w.org\/{rel}","templated":true}]}}