{"id":25658,"date":"2025-03-21T13:23:44","date_gmt":"2025-03-21T10:23:44","guid":{"rendered":"https:\/\/www.egemtv.com\/?p=25658"},"modified":"2025-03-21T13:23:49","modified_gmt":"2025-03-21T10:23:49","slug":"mugla-112-acil-cagri-merkezinde-ramazan-bayrami-tedbirleri-gorusuldu","status":"publish","type":"post","link":"https:\/\/www.egemtv.com\/?p=25658","title":{"rendered":"Mu\u011fla 112 Acil \u00c7a\u011fr\u0131 Merkezi\u2019nde Ramazan Bayram\u0131 tedbirleri g\u00f6r\u00fc\u015f\u00fcld\u00fc"},"content":{"rendered":"<p>Mu\u011fla 112 Acil \u00c7a\u011fr\u0131 Merkezi M\u00fcd\u00fcrl\u00fc\u011f\u00fc ev sahipli\u011finde, Ramazan Bayram\u0131 s\u00fcresince al\u0131nacak tedbirler kapsam\u0131nda bir de\u011ferlendirme toplant\u0131s\u0131 ger\u00e7ekle\u015ftirildi.<\/p>\n<p>Yap\u0131lan toplant\u0131ya, 112 Acil \u00c7a\u011fr\u0131 Merkezi M\u00fcd\u00fcr\u00fc ba\u015fkanl\u0131k ederken, ilgili kurum temsilcileri de kat\u0131l\u0131m sa\u011flad\u0131. Toplant\u0131da, bayram boyunca vatanda\u015flar\u0131n acil durum hizmetlerine kesintisiz eri\u015fimi i\u00e7in al\u0131nmas\u0131 gereken \u00f6nlemler detayl\u0131 \u015fekilde ele al\u0131nd\u0131. Kurumlar aras\u0131 koordinasyonun g\u00fc\u00e7lendirilmesi, hizmetlerin daha etkin ve h\u0131zl\u0131 y\u00fcr\u00fct\u00fclmesi ad\u0131na \u00f6nemli kararlar al\u0131nd\u0131. Yetkililer, \u00f6zellikle bayram s\u00fcresince ya\u015fanabilecek muhtemel yo\u011funluklara kar\u015f\u0131 acil sa\u011fl\u0131k, g\u00fcvenlik ve itfaiye ekiplerinin koordineli \u00e7al\u0131\u015fmas\u0131n\u0131n \u00f6nemine vurgu yapt\u0131. 112 Acil \u00c7a\u011fr\u0131 Merkezi\u2019nin, bayram s\u00fcresince 7\/24 kesintisiz hizmet verece\u011fi ve vatanda\u015flardan gelen \u00e7a\u011fr\u0131lara en h\u0131zl\u0131 \u015fekilde m\u00fcdahale edilece\u011fi belirtildi.<\/p>\n<p>Toplant\u0131n\u0131n ba\u015far\u0131l\u0131 ve verimli ge\u00e7ti\u011fi vurgulan\u0131rken, al\u0131nan tedbirlerin vatanda\u015flara sunulan hizmetin kalitesini art\u0131rmada \u00f6nemli bir ad\u0131m olaca\u011f\u0131 ifade edildi. Mu\u011fla 112 Acil \u00c7a\u011fr\u0131 Merkezi M\u00fcd\u00fcrl\u00fc\u011f\u00fc yetkilileri, bayram s\u00fcrecinde vatanda\u015flar\u0131n huzur ve g\u00fcvenli\u011fi i\u00e7in ekiplerin tam kapasiteyle g\u00f6rev yapaca\u011f\u0131n\u0131 belirterek, t\u00fcm vatanda\u015flara sa\u011fl\u0131kl\u0131 ve huzurlu bir bayram diledi.<br \/><\/p>\n","protected":false},"excerpt":{"rendered":"<p>Mu\u011fla 112 Acil \u00c7a\u011fr\u0131 Merkezi M\u00fcd\u00fcrl\u00fc\u011f\u00fc ev sahipli\u011finde, Ramazan Bayram\u0131 s\u00fcresince al\u0131nacak tedbirler kapsam\u0131nda bir de\u011ferlendirme toplant\u0131s\u0131 ger\u00e7ekle\u015ftirildi. Yap\u0131lan toplant\u0131ya, 112 Acil \u00c7a\u011fr\u0131 Merkezi M\u00fcd\u00fcr\u00fc ba\u015fkanl\u0131k ederken, ilgili kurum temsilcileri de kat\u0131l\u0131m sa\u011flad\u0131. Toplant\u0131da, bayram boyunca vatanda\u015flar\u0131n acil durum hizmetlerine kesintisiz eri\u015fimi i\u00e7in al\u0131nmas\u0131 gereken \u00f6nlemler detayl\u0131 \u015fekilde ele al\u0131nd\u0131. Kurumlar aras\u0131 koordinasyonun g\u00fc\u00e7lendirilmesi, hizmetlerin&#8230;<\/p>\n","protected":false},"author":1,"featured_media":25659,"comment_status":"open","ping_status":"open","sticky":false,"template":"","format":"standard","meta":{"_crdt_document":"","footnotes":""},"categories":[1],"tags":[],"class_list":["post-25658","post","type-post","status-publish","format-standard","has-post-thumbnail","hentry","category-guncel"],"_links":{"self":[{"href":"https:\/\/www.egemtv.com\/index.php?rest_route=\/wp\/v2\/posts\/25658","targetHints":{"allow":["GET"]}}],"collection":[{"href":"https:\/\/www.egemtv.com\/index.php?rest_route=\/wp\/v2\/posts"}],"about":[{"href":"https:\/\/www.egemtv.com\/index.php?rest_route=\/wp\/v2\/types\/post"}],"author":[{"embeddable":true,"href":"https:\/\/www.egemtv.com\/index.php?rest_route=\/wp\/v2\/users\/1"}],"replies":[{"embeddable":true,"href":"https:\/\/www.egemtv.com\/index.php?rest_route=%2Fwp%2Fv2%2Fcomments&post=25658"}],"version-history":[{"count":1,"href":"https:\/\/www.egemtv.com\/index.php?rest_route=\/wp\/v2\/posts\/25658\/revisions"}],"predecessor-version":[{"id":25660,"href":"https:\/\/www.egemtv.com\/index.php?rest_route=\/wp\/v2\/posts\/25658\/revisions\/25660"}],"wp:featuredmedia":[{"embeddable":true,"href":"https:\/\/www.egemtv.com\/index.php?rest_route=\/wp\/v2\/media\/25659"}],"wp:attachment":[{"href":"https:\/\/www.egemtv.com\/index.php?rest_route=%2Fwp%2Fv2%2Fmedia&parent=25658"}],"wp:term":[{"taxonomy":"category","embeddable":true,"href":"https:\/\/www.egemtv.com\/index.php?rest_route=%2Fwp%2Fv2%2Fcategories&post=25658"},{"taxonomy":"post_tag","embeddable":true,"href":"https:\/\/www.egemtv.com\/index.php?rest_route=%2Fwp%2Fv2%2Ftags&post=25658"}],"curies":[{"name":"wp","href":"https:\/\/api.w.org\/{rel}","templated":true}]}}