{"id":25655,"date":"2025-03-21T13:07:24","date_gmt":"2025-03-21T10:07:24","guid":{"rendered":"https:\/\/www.egemtv.com\/?p=25655"},"modified":"2025-03-21T13:07:29","modified_gmt":"2025-03-21T10:07:29","slug":"baglara-once-milli-toprak-ardindan-dogal-hayvan-gubresi","status":"publish","type":"post","link":"https:\/\/www.egemtv.com\/?p=25655","title":{"rendered":"Ba\u011flara \u00f6nce milli toprak ard\u0131ndan do\u011fal hayvan g\u00fcbresi"},"content":{"rendered":"<p>Sar\u0131g\u00f6l il\u00e7esinin d\u00fcnyaca \u00fcnl\u00fc \u00e7ekirdeksiz sofral\u0131k Sultaniye \u00fcz\u00fcm ba\u011flar\u0131na \u00f6nce milli toprak ard\u0131ndan da do\u011fal hayvan g\u00fcbresi verilmeye ba\u015fland\u0131.<br \/>\n<br \/>Sar\u0131g\u00f6ll\u00fc \u00fcz\u00fcm \u00fcreticileri bir yandan ba\u011flar\u0131ndaki k\u0131\u015fl\u0131k \u00e7al\u0131\u015fmalar\u0131n\u0131 tamamlamaya \u00e7al\u0131\u015f\u0131rken bir yandan da bahar aylar\u0131yla birlikte do\u011fal hayvan g\u00fcbresi vermeye devam ediyor. Sar\u0131g\u00f6l il\u00e7esinin Emcelli Mahallesinden \u00fcz\u00fcm \u00fcreticisi Ahmet Tosun, &#8220;\u00dcz\u00fcm ba\u011flar\u0131m\u0131z\u0131 her y\u0131l bu aylarda \u00f6nceden ald\u0131\u011f\u0131m\u0131z koyun g\u00fcbresini veriyoruz. Do\u011fal hayvan g\u00fcbresini vermeden \u00f6nce milli toprak, ard\u0131ndan do\u011fal koyun g\u00fcbresini veriyorum. Daha etkili oluyor. Do\u011fal g\u00fcbreden hi\u00e7 bir zaman vazge\u00e7mem daha etkili oluyor. \u00dcz\u00fcmlerin salk\u0131mlar\u0131 bile yaz aylar\u0131nda \u00e7ok farkl\u0131 olmakta.&#8221; dedi.<br \/>\n<br \/>Sar\u0131g\u00f6l ve \u00e7evresinde \u00fcz\u00fcm ba\u011flar\u0131nda kaliteli \u00fcz\u00fcm elde etmek i\u00e7in \u00fcz\u00fcm \u00fcreticileri hummal\u0131 \u00e7al\u0131\u015fmalar\u0131n\u0131 aral\u0131ks\u0131z devam ediyor. 113 bin dekarl\u0131k alanda yap\u0131lan \u00fcz\u00fcm \u00fcretiminde ba\u015fta Sultaniye \u00fcz\u00fcm olmak \u00fczere dokuz \u00e7e\u015fit \u00fcz\u00fcm \u00fcretimi ile Sar\u0131g\u00f6l Ovas\u0131 \u00fcz\u00fcmleri yurt i\u00e7i ve \u00e7e\u015fitli \u00fclkelere ya\u015f olarak ihra\u00e7 ediliyor.<br \/>\n<br \/>Sar\u0131g\u00f6l Ziraat Odas\u0131 Ba\u015fkan\u0131 Ali \u0130hsan \u00dclgen, Sar\u0131g\u00f6l Sultaniye \u00fcz\u00fcmlerinin ya\u015f olarak y\u00fczde 80\u2019inin yurt d\u0131\u015f\u0131na ihra\u00e7 edildi\u011fini geriye kalan y\u00fczde 20\u2019lik b\u00f6l\u00fcm\u00fcn ise kurutmal\u0131k ve sumal\u0131k (\u015farapl\u0131k -alkol) olarak de\u011ferlendi\u011fini ifade etti.<br \/><\/p>\n","protected":false},"excerpt":{"rendered":"<p>Sar\u0131g\u00f6l il\u00e7esinin d\u00fcnyaca \u00fcnl\u00fc \u00e7ekirdeksiz sofral\u0131k Sultaniye \u00fcz\u00fcm ba\u011flar\u0131na \u00f6nce milli toprak ard\u0131ndan da do\u011fal hayvan g\u00fcbresi verilmeye ba\u015fland\u0131. Sar\u0131g\u00f6ll\u00fc \u00fcz\u00fcm \u00fcreticileri bir yandan ba\u011flar\u0131ndaki k\u0131\u015fl\u0131k \u00e7al\u0131\u015fmalar\u0131n\u0131 tamamlamaya \u00e7al\u0131\u015f\u0131rken bir yandan da bahar aylar\u0131yla birlikte do\u011fal hayvan g\u00fcbresi vermeye devam ediyor. Sar\u0131g\u00f6l il\u00e7esinin Emcelli Mahallesinden \u00fcz\u00fcm \u00fcreticisi Ahmet Tosun, &#8220;\u00dcz\u00fcm ba\u011flar\u0131m\u0131z\u0131 her y\u0131l bu aylarda&#8230;<\/p>\n","protected":false},"author":1,"featured_media":25656,"comment_status":"open","ping_status":"open","sticky":false,"template":"","format":"standard","meta":{"_crdt_document":"","footnotes":""},"categories":[125],"tags":[],"class_list":["post-25655","post","type-post","status-publish","format-standard","has-post-thumbnail","hentry","category-ekonomi"],"_links":{"self":[{"href":"https:\/\/www.egemtv.com\/index.php?rest_route=\/wp\/v2\/posts\/25655","targetHints":{"allow":["GET"]}}],"collection":[{"href":"https:\/\/www.egemtv.com\/index.php?rest_route=\/wp\/v2\/posts"}],"about":[{"href":"https:\/\/www.egemtv.com\/index.php?rest_route=\/wp\/v2\/types\/post"}],"author":[{"embeddable":true,"href":"https:\/\/www.egemtv.com\/index.php?rest_route=\/wp\/v2\/users\/1"}],"replies":[{"embeddable":true,"href":"https:\/\/www.egemtv.com\/index.php?rest_route=%2Fwp%2Fv2%2Fcomments&post=25655"}],"version-history":[{"count":1,"href":"https:\/\/www.egemtv.com\/index.php?rest_route=\/wp\/v2\/posts\/25655\/revisions"}],"predecessor-version":[{"id":25657,"href":"https:\/\/www.egemtv.com\/index.php?rest_route=\/wp\/v2\/posts\/25655\/revisions\/25657"}],"wp:featuredmedia":[{"embeddable":true,"href":"https:\/\/www.egemtv.com\/index.php?rest_route=\/wp\/v2\/media\/25656"}],"wp:attachment":[{"href":"https:\/\/www.egemtv.com\/index.php?rest_route=%2Fwp%2Fv2%2Fmedia&parent=25655"}],"wp:term":[{"taxonomy":"category","embeddable":true,"href":"https:\/\/www.egemtv.com\/index.php?rest_route=%2Fwp%2Fv2%2Fcategories&post=25655"},{"taxonomy":"post_tag","embeddable":true,"href":"https:\/\/www.egemtv.com\/index.php?rest_route=%2Fwp%2Fv2%2Ftags&post=25655"}],"curies":[{"name":"wp","href":"https:\/\/api.w.org\/{rel}","templated":true}]}}