{"id":25652,"date":"2025-03-21T13:07:20","date_gmt":"2025-03-21T10:07:20","guid":{"rendered":"https:\/\/www.egemtv.com\/?p=25652"},"modified":"2025-03-21T13:07:24","modified_gmt":"2025-03-21T10:07:24","slug":"efeler-kardes-eli-projesi-ile-5-bin-aileye-ulasildi","status":"publish","type":"post","link":"https:\/\/www.egemtv.com\/?p=25652","title":{"rendered":"Efeler Karde\u015f Eli Projesi ile 5 bin aileye ula\u015f\u0131ld\u0131"},"content":{"rendered":"<p>Efeler Belediye Ba\u015fkan\u0131 An\u0131l Yeti\u015fkin, temel belediyecilik hizmetleri ve sosyal projelerle hizmetlerini s\u00fcrd\u00fcr\u00fcrken, Ba\u015fkan Yeti\u015fkin\u2019in \u00f6nc\u00fcl\u00fc\u011f\u00fcnde ba\u015flat\u0131lan \u2018Karde\u015f Eli\u2019 projesi, il\u00e7ede dayan\u0131\u015fma k\u00fclt\u00fcr\u00fcn\u00fc g\u00fc\u00e7lendiriyor. Bu kapsamda Ramazan ay\u0131 boyunca 5 bin aileye g\u0131da kolisi da\u011f\u0131t\u0131ld\u0131.<\/p>\n<p>Efeler Belediyesi Efe Masa birimine ba\u015fvuran vatanda\u015flar\u0131n talepleri, h\u0131zl\u0131 bir \u015fekilde de\u011ferlendirilerek kar\u015f\u0131land\u0131. \u0130\u00e7eri\u011finde temel g\u0131da malzemeleri bulunan 5 bin paket, ihtiya\u00e7 sahibi ailelere ula\u015ft\u0131r\u0131ld\u0131. Ba\u015fkan Yeti\u015fkin, sadece Ramazan ay\u0131nda de\u011fil, y\u0131l\u0131n her d\u00f6neminde ihtiya\u00e7 sahiplerine ula\u015farak, \u015fehirdeki yard\u0131mla\u015fma ve dayan\u0131\u015fma duygusunu peki\u015ftiriyor. Bu amac\u0131n en g\u00fczel \u00f6rneklerin birinin \u2019Karde\u015f Eli\u2019 projesi oldu\u011funu belirten Yeti\u015fkin, sosyal belediyecili\u011fin \u00f6rnek al\u0131nmas\u0131 gereken bir modelini sunuyor.Yap\u0131lan yard\u0131mlar, Ramazan ay\u0131n\u0131n manevi atmosferine katk\u0131 sa\u011flarken, \u015fehirdeki birlik ve beraberlik duygusunu da g\u00fc\u00e7lendirdi. Efeler halk\u0131, Ba\u015fkan Yeti\u015fkin\u2019in y\u00fcr\u00fctt\u00fc\u011f\u00fc projelerden duydu\u011fu memnuniyeti dile getirerek, kendisine te\u015fekk\u00fcr etti.<br \/><\/p>\n","protected":false},"excerpt":{"rendered":"<p>Efeler Belediye Ba\u015fkan\u0131 An\u0131l Yeti\u015fkin, temel belediyecilik hizmetleri ve sosyal projelerle hizmetlerini s\u00fcrd\u00fcr\u00fcrken, Ba\u015fkan Yeti\u015fkin\u2019in \u00f6nc\u00fcl\u00fc\u011f\u00fcnde ba\u015flat\u0131lan \u2018Karde\u015f Eli\u2019 projesi, il\u00e7ede dayan\u0131\u015fma k\u00fclt\u00fcr\u00fcn\u00fc g\u00fc\u00e7lendiriyor. Bu kapsamda Ramazan ay\u0131 boyunca 5 bin aileye g\u0131da kolisi da\u011f\u0131t\u0131ld\u0131. Efeler Belediyesi Efe Masa birimine ba\u015fvuran vatanda\u015flar\u0131n talepleri, h\u0131zl\u0131 bir \u015fekilde de\u011ferlendirilerek kar\u015f\u0131land\u0131. \u0130\u00e7eri\u011finde temel g\u0131da malzemeleri bulunan 5 bin&#8230;<\/p>\n","protected":false},"author":1,"featured_media":25653,"comment_status":"open","ping_status":"open","sticky":false,"template":"","format":"standard","meta":{"_crdt_document":"","footnotes":""},"categories":[1],"tags":[],"class_list":["post-25652","post","type-post","status-publish","format-standard","has-post-thumbnail","hentry","category-guncel"],"_links":{"self":[{"href":"https:\/\/www.egemtv.com\/index.php?rest_route=\/wp\/v2\/posts\/25652","targetHints":{"allow":["GET"]}}],"collection":[{"href":"https:\/\/www.egemtv.com\/index.php?rest_route=\/wp\/v2\/posts"}],"about":[{"href":"https:\/\/www.egemtv.com\/index.php?rest_route=\/wp\/v2\/types\/post"}],"author":[{"embeddable":true,"href":"https:\/\/www.egemtv.com\/index.php?rest_route=\/wp\/v2\/users\/1"}],"replies":[{"embeddable":true,"href":"https:\/\/www.egemtv.com\/index.php?rest_route=%2Fwp%2Fv2%2Fcomments&post=25652"}],"version-history":[{"count":1,"href":"https:\/\/www.egemtv.com\/index.php?rest_route=\/wp\/v2\/posts\/25652\/revisions"}],"predecessor-version":[{"id":25654,"href":"https:\/\/www.egemtv.com\/index.php?rest_route=\/wp\/v2\/posts\/25652\/revisions\/25654"}],"wp:featuredmedia":[{"embeddable":true,"href":"https:\/\/www.egemtv.com\/index.php?rest_route=\/wp\/v2\/media\/25653"}],"wp:attachment":[{"href":"https:\/\/www.egemtv.com\/index.php?rest_route=%2Fwp%2Fv2%2Fmedia&parent=25652"}],"wp:term":[{"taxonomy":"category","embeddable":true,"href":"https:\/\/www.egemtv.com\/index.php?rest_route=%2Fwp%2Fv2%2Fcategories&post=25652"},{"taxonomy":"post_tag","embeddable":true,"href":"https:\/\/www.egemtv.com\/index.php?rest_route=%2Fwp%2Fv2%2Ftags&post=25652"}],"curies":[{"name":"wp","href":"https:\/\/api.w.org\/{rel}","templated":true}]}}