{"id":25649,"date":"2025-03-21T13:07:16","date_gmt":"2025-03-21T10:07:16","guid":{"rendered":"https:\/\/www.egemtv.com\/?p=25649"},"modified":"2025-03-21T13:07:20","modified_gmt":"2025-03-21T10:07:20","slug":"usakta-3-bin-200-adet-fidan-toprakla-bulustu","status":"publish","type":"post","link":"https:\/\/www.egemtv.com\/?p=25649","title":{"rendered":"U\u015fak\u2019ta 3 bin 200 adet fidan toprakla bulu\u015ftu"},"content":{"rendered":"<p>21 Mart D\u00fcnya Ormanc\u0131l\u0131k ve Orman Haftas\u0131 nedeniyle U\u015fak\u2019ta 3 bin 200 adet fidan toprakla bulu\u015ftu.<\/p>\n<p>21 Mart D\u00fcnya Ormanc\u0131l\u0131k ve Orman Haftas\u0131 nedeniyle U\u015fak\u2019ta fidan dikim etkinli\u011fi ger\u00e7ekle\u015ftirildi. Sorkun k\u00f6y\u00fc civar\u0131nda bulunan ormanl\u0131k alanda ger\u00e7ekle\u015ftirilen etkinli\u011fe U\u015fak Valisi Naci Akta\u015f, \u0130l Emniyet M\u00fcd\u00fcr\u00fc Mehmet Ali Kolcu, \u0130l Jandarma Komutan\u0131 K\u0131demli Albay Fahri Semiz, kurum m\u00fcd\u00fcrleri, sivil toplum kurulu\u015flar\u0131, g\u00f6n\u00fcll\u00fcler ve \u00f6\u011frenciler kat\u0131ld\u0131.<\/p>\n<p>Burada a\u00e7\u0131klamalarda bulunan U\u015fak Valisi Naci Akta\u015f; &#8220;Ge\u00e7en sene 49 orman yang\u0131n\u0131 ya\u015fad\u0131k. Bu yang\u0131nlarda bin 500 hektara yak\u0131n bir alan zarar g\u00f6rd\u00fc. Yang\u0131nlardan bu yana arkada\u015flar\u0131m\u0131z 400 hektar arazide yakla\u015f\u0131k 665 bin fidanla yenileme \u00e7al\u0131\u015fmas\u0131 yapt\u0131. 2025 y\u0131l\u0131n\u0131n sonuna kadar kalan arazinin tamam\u0131n\u0131 a\u011fa\u00e7land\u0131raca\u011f\u0131z&#8221; dedi.<\/p>\n<p>Konu\u015fman\u0131n ard\u0131ndan Vali Akta\u015f ve kat\u0131l\u0131mc\u0131lar 2 dekarl\u0131k alanda toplamda 3 bin 200 adet sedir fidan\u0131 dikimini yaparak, fidanlar\u0131 toprakla bulu\u015fturdu.<br \/><\/p>\n","protected":false},"excerpt":{"rendered":"<p>21 Mart D\u00fcnya Ormanc\u0131l\u0131k ve Orman Haftas\u0131 nedeniyle U\u015fak\u2019ta 3 bin 200 adet fidan toprakla bulu\u015ftu. 21 Mart D\u00fcnya Ormanc\u0131l\u0131k ve Orman Haftas\u0131 nedeniyle U\u015fak\u2019ta fidan dikim etkinli\u011fi ger\u00e7ekle\u015ftirildi. Sorkun k\u00f6y\u00fc civar\u0131nda bulunan ormanl\u0131k alanda ger\u00e7ekle\u015ftirilen etkinli\u011fe U\u015fak Valisi Naci Akta\u015f, \u0130l Emniyet M\u00fcd\u00fcr\u00fc Mehmet Ali Kolcu, \u0130l Jandarma Komutan\u0131 K\u0131demli Albay Fahri Semiz, kurum&#8230;<\/p>\n","protected":false},"author":1,"featured_media":25650,"comment_status":"open","ping_status":"open","sticky":false,"template":"","format":"standard","meta":{"_crdt_document":"","footnotes":""},"categories":[1],"tags":[],"class_list":["post-25649","post","type-post","status-publish","format-standard","has-post-thumbnail","hentry","category-guncel"],"_links":{"self":[{"href":"https:\/\/www.egemtv.com\/index.php?rest_route=\/wp\/v2\/posts\/25649","targetHints":{"allow":["GET"]}}],"collection":[{"href":"https:\/\/www.egemtv.com\/index.php?rest_route=\/wp\/v2\/posts"}],"about":[{"href":"https:\/\/www.egemtv.com\/index.php?rest_route=\/wp\/v2\/types\/post"}],"author":[{"embeddable":true,"href":"https:\/\/www.egemtv.com\/index.php?rest_route=\/wp\/v2\/users\/1"}],"replies":[{"embeddable":true,"href":"https:\/\/www.egemtv.com\/index.php?rest_route=%2Fwp%2Fv2%2Fcomments&post=25649"}],"version-history":[{"count":1,"href":"https:\/\/www.egemtv.com\/index.php?rest_route=\/wp\/v2\/posts\/25649\/revisions"}],"predecessor-version":[{"id":25651,"href":"https:\/\/www.egemtv.com\/index.php?rest_route=\/wp\/v2\/posts\/25649\/revisions\/25651"}],"wp:featuredmedia":[{"embeddable":true,"href":"https:\/\/www.egemtv.com\/index.php?rest_route=\/wp\/v2\/media\/25650"}],"wp:attachment":[{"href":"https:\/\/www.egemtv.com\/index.php?rest_route=%2Fwp%2Fv2%2Fmedia&parent=25649"}],"wp:term":[{"taxonomy":"category","embeddable":true,"href":"https:\/\/www.egemtv.com\/index.php?rest_route=%2Fwp%2Fv2%2Fcategories&post=25649"},{"taxonomy":"post_tag","embeddable":true,"href":"https:\/\/www.egemtv.com\/index.php?rest_route=%2Fwp%2Fv2%2Ftags&post=25649"}],"curies":[{"name":"wp","href":"https:\/\/api.w.org\/{rel}","templated":true}]}}