{"id":25646,"date":"2025-03-21T12:42:46","date_gmt":"2025-03-21T09:42:46","guid":{"rendered":"https:\/\/www.egemtv.com\/?p=25646"},"modified":"2025-03-21T12:42:50","modified_gmt":"2025-03-21T09:42:50","slug":"mugla-moskovada-tanitildi","status":"publish","type":"post","link":"https:\/\/www.egemtv.com\/?p=25646","title":{"rendered":"Mu\u011fla Moskova\u2019da tan\u0131t\u0131ld\u0131"},"content":{"rendered":"<p>Rusya\u2019n\u0131n ba\u015fkenti Moskova\u2019da bu y\u0131l 31\u2019incisi d\u00fczenlenen ve d\u00fcnyan\u0131n en prestijli turizm fuarlar\u0131 aras\u0131nda g\u00f6sterilen MITT Moskova Turizm Fuar\u0131 18-20 Mart 2025 tarihlerinde ger\u00e7ekle\u015fti. Fuara 20\u2019den fazla T\u00fcrk turizm firmas\u0131 kat\u0131ld\u0131. Ayr\u0131ca T\u00fcrkiye\u2019nin turizmde s\u00f6z sahibi iki ili Mu\u011fla ve Antalya B\u00fcy\u00fck\u015fehir Belediyeleri de fuardaki yerini ald\u0131.<br \/>\n<br \/>MITT Moskova Turizm Fuar\u0131\u2019nda B\u00fcy\u00fck\u015fehir Belediyesi, Mu\u011fla\u2019y\u0131 birbirinden de\u011ferli 13 il\u00e7esini temsil eden stand\u0131 ile kat\u0131l\u0131mc\u0131lara tan\u0131tt\u0131. B\u00fcy\u00fck\u015fehir stand\u0131n\u0131 T\u00fcrkiye Cumhuriyeti Moskova B\u00fcy\u00fckel\u00e7isi say\u0131n Tanju Bilgi\u00e7 de ziyaret etti. Ziyarette Moskova B\u00fcy\u00fckel\u00e7isi Tanju Bilgi\u00e7\u2019e Mu\u011fla\u2019n\u0131n sahip oldu\u011fu turizm potansiyeli hakk\u0131nda ayr\u0131nt\u0131l\u0131 bilgiler verilerek turizm potansiyelinin daha da artt\u0131r\u0131lmas\u0131 i\u00e7in y\u00fcr\u00fct\u00fclen \u00e7al\u0131\u015fmalar konu\u015fuldu.<br \/>\n<br \/>Uluslararas\u0131 tan\u0131t\u0131mlar sonras\u0131 yabanc\u0131 turist say\u0131s\u0131nda art\u0131\u015f<br \/>\n<br \/>Mu\u011fla B\u00fcy\u00fck\u015fehir Belediyesi\u2019nin, turizm potansiyelini d\u00fcnya turizmcilerine tan\u0131tmak ve uluslararas\u0131 tan\u0131n\u0131rl\u0131\u011f\u0131n\u0131 art\u0131rmak i\u00e7in il\u00e7e belediye temsilcileri ve turizm payda\u015flar\u0131yla birlikte kat\u0131l\u0131m sa\u011flad\u0131\u011f\u0131 yurtd\u0131\u015f\u0131 turizm fuarlar\u0131ndaki tan\u0131t\u0131mlar sonras\u0131 2025 y\u0131l\u0131nda Mu\u011fla\u2019ya gelen yabanc\u0131 turist say\u0131s\u0131nda art\u0131\u015f g\u00f6zlendi.<br \/>\n<br \/>G\u00fcncel verilere g\u00f6re 2024 y\u0131l\u0131 Ocak ay\u0131nda Mu\u011fla\u2019y\u0131 10 bin 309 ki\u015fi ziyaret ederken 2025 y\u0131l\u0131nda y\u00fczde 18 art\u0131\u015fla 12 bin 134 ki\u015fi ziyaret etti.  2024 \u015eubat ay\u0131nda Mu\u011fla\u2019ya giri\u015f yapan yabanc\u0131 turist say\u0131s\u0131 12 bin 726 iken 2025 y\u0131l\u0131nda 15 bin 526 ki\u015fiye \u00e7\u0131karak y\u00fczde 20 art\u0131\u015f g\u00f6sterdi. Toplamda Mu\u011fla\u2019ya yurt d\u0131\u015f\u0131ndan gelen ziyaret\u00e7i say\u0131s\u0131 2024 y\u0131l\u0131 Ocak-\u015eubat d\u00f6nemine g\u00f6re 2025 y\u0131l\u0131nda y\u00fczde 20 artarak 23 bin 035 ki\u015fiden 27 bin 660 ki\u015fiye y\u00fckseldi.<br \/>\n<br \/>K\u0131y\u0131 Ege Belediyeler Birli\u011fi ve Mu\u011fla B\u00fcy\u00fck\u015fehir Belediye Ba\u015fkan\u0131 Ahmet Aras, d\u00fcnya turizmine rehberlik eden turizm fuarlar\u0131nda Mu\u011fla\u2019y\u0131 en iyi \u015fekilde temsil etmek, Mu\u011fla\u2019y\u0131 turizmin ba\u015fkenti yapmak i\u00e7in \u00e7al\u0131\u015ft\u0131klar\u0131n\u0131 s\u00f6yledi. Son olarak kat\u0131l\u0131m sa\u011flad\u0131klar\u0131, d\u00fcnyan\u0131n say\u0131l\u0131 fuarlar\u0131ndan olan MITT Moskova Turizm Fuar\u0131\u2019n\u0131n \u00e7ok verimli ge\u00e7ti\u011fini belirtti. Ba\u015fkan Aras; &#8220;Turizm fuarlar\u0131 d\u00fcnyan\u0131n bir\u00e7ok \u00fclkesinin tek \u00e7at\u0131 alt\u0131nda topland\u0131\u011f\u0131, \u015fehirlerini tan\u0131tt\u0131\u011f\u0131, anlatt\u0131\u011f\u0131, yeni ve g\u00fc\u00e7l\u00fc ili\u015fkilerin kuruldu\u011fu \u00e7ok \u00f6nemli bulu\u015fmalard\u0131r. Londra, Berlin\u2019den sonra Moskova\u2019da yap\u0131lan d\u00fcnyan\u0131n en \u00f6nemli turizm fuarlar\u0131ndan olan MITT Moskova Turizm Fuar\u0131\u2019nda da Mu\u011fla olarak yerimizi ald\u0131k. D\u00fcnya Kenti Mu\u011fla\u2019m\u0131z\u0131 en \u00e7ok ziyaret eden \u00fclkelerden olan Rus vatanda\u015flara ve fuara kat\u0131lan di\u011fer \u00fclkelere Mu\u011fla\u2019m\u0131z\u0131 anlatt\u0131k. Mu\u011fla stand\u0131m\u0131z\u0131 ziyaret eden Moskova B\u00fcy\u00fckel\u00e7imiz say\u0131n Tanju Bilgi\u00e7\u2019e de ziyaretleri i\u00e7in te\u015fekk\u00fcr ediyorum. \u00dclkemizin ve \u015fehrimizin turizmde hak etti\u011fi yere gelmesi i\u00e7in \u00e7al\u0131\u015fmalar\u0131m\u0131za devam edece\u011fiz&#8221; dedi.<br \/><\/p>\n","protected":false},"excerpt":{"rendered":"<p>Rusya\u2019n\u0131n ba\u015fkenti Moskova\u2019da bu y\u0131l 31\u2019incisi d\u00fczenlenen ve d\u00fcnyan\u0131n en prestijli turizm fuarlar\u0131 aras\u0131nda g\u00f6sterilen MITT Moskova Turizm Fuar\u0131 18-20 Mart 2025 tarihlerinde ger\u00e7ekle\u015fti. Fuara 20\u2019den fazla T\u00fcrk turizm firmas\u0131 kat\u0131ld\u0131. Ayr\u0131ca T\u00fcrkiye\u2019nin turizmde s\u00f6z sahibi iki ili Mu\u011fla ve Antalya B\u00fcy\u00fck\u015fehir Belediyeleri de fuardaki yerini ald\u0131. MITT Moskova Turizm Fuar\u0131\u2019nda B\u00fcy\u00fck\u015fehir Belediyesi, Mu\u011fla\u2019y\u0131 birbirinden&#8230;<\/p>\n","protected":false},"author":1,"featured_media":25647,"comment_status":"open","ping_status":"open","sticky":false,"template":"","format":"standard","meta":{"_crdt_document":"","footnotes":""},"categories":[1],"tags":[],"class_list":["post-25646","post","type-post","status-publish","format-standard","has-post-thumbnail","hentry","category-guncel"],"_links":{"self":[{"href":"https:\/\/www.egemtv.com\/index.php?rest_route=\/wp\/v2\/posts\/25646","targetHints":{"allow":["GET"]}}],"collection":[{"href":"https:\/\/www.egemtv.com\/index.php?rest_route=\/wp\/v2\/posts"}],"about":[{"href":"https:\/\/www.egemtv.com\/index.php?rest_route=\/wp\/v2\/types\/post"}],"author":[{"embeddable":true,"href":"https:\/\/www.egemtv.com\/index.php?rest_route=\/wp\/v2\/users\/1"}],"replies":[{"embeddable":true,"href":"https:\/\/www.egemtv.com\/index.php?rest_route=%2Fwp%2Fv2%2Fcomments&post=25646"}],"version-history":[{"count":1,"href":"https:\/\/www.egemtv.com\/index.php?rest_route=\/wp\/v2\/posts\/25646\/revisions"}],"predecessor-version":[{"id":25648,"href":"https:\/\/www.egemtv.com\/index.php?rest_route=\/wp\/v2\/posts\/25646\/revisions\/25648"}],"wp:featuredmedia":[{"embeddable":true,"href":"https:\/\/www.egemtv.com\/index.php?rest_route=\/wp\/v2\/media\/25647"}],"wp:attachment":[{"href":"https:\/\/www.egemtv.com\/index.php?rest_route=%2Fwp%2Fv2%2Fmedia&parent=25646"}],"wp:term":[{"taxonomy":"category","embeddable":true,"href":"https:\/\/www.egemtv.com\/index.php?rest_route=%2Fwp%2Fv2%2Fcategories&post=25646"},{"taxonomy":"post_tag","embeddable":true,"href":"https:\/\/www.egemtv.com\/index.php?rest_route=%2Fwp%2Fv2%2Ftags&post=25646"}],"curies":[{"name":"wp","href":"https:\/\/api.w.org\/{rel}","templated":true}]}}