{"id":25643,"date":"2025-03-21T12:42:41","date_gmt":"2025-03-21T09:42:41","guid":{"rendered":"https:\/\/www.egemtv.com\/?p=25643"},"modified":"2025-03-21T12:42:46","modified_gmt":"2025-03-21T09:42:46","slug":"alasehirde-400-fidan-toprakla-bulustu","status":"publish","type":"post","link":"https:\/\/www.egemtv.com\/?p=25643","title":{"rendered":"Ala\u015fehir\u2019de 400 fidan toprakla bulu\u015ftu"},"content":{"rendered":"<p>Manisa\u2019n\u0131n Ala\u015fehir il\u00e7esinde 400 fidan toprakla bulu\u015ftu. Manisa\u2019n\u0131n Ala\u015fehir il\u00e7esinde 21 Mart D\u00fcnya Ormanc\u0131l\u0131k G\u00fcn\u00fc kapsam\u0131nda Ala\u015fehir Orman \u0130\u015fletme \u015eefli\u011fi taraf\u0131ndan A\u011fa\u00e7 dikme etkinli\u011fi ger\u00e7ekle\u015ftirildi.<br \/>\n<br \/>Cumhuriyet Park\u0131 \u00e7evresinde yap\u0131lan etkinli\u011fe Ala\u015fehir Kaymakam\u0131 Alper Faruk G\u00fcng\u00f6r, Ala\u015fehir Belediye Ba\u015fkan\u0131 Ahmet \u00d6k\u00fczc\u00fco\u011flu, Cumhuriyet Savc\u0131s\u0131 Mustafa Sait G\u00fcndo\u011fdu, kurum amirleri, sivil toplum \u00f6rg\u00fctleri, denetimli serbestlik tedbirlerinden yararlanan h\u00fck\u00fcml\u00fcler kat\u0131ld\u0131. G\u00fcn\u00fcn anlam\u0131n\u0131 belirten konu\u015fman\u0131n ard\u0131ndan Orman \u0130\u015fletme \u015eefi Yasin Demirer, fidan dikme i\u015flemini anlatt\u0131. \u0130lk fidan\u0131 Kaymakam Alper Faruk G\u00fcng\u00f6r dikerken, etkinli\u011fe kat\u0131lanlar fidan dikerek geleceklerinin ye\u015fil olmas\u0131na katk\u0131 sa\u011flad\u0131. Fidanlar\u0131 toprakla bulu\u015fturanlar do\u011fay\u0131 korumak, ya\u015fatmak ve gelecekleri i\u00e7in fidan diktiklerini belirtti.<br \/>\n<br \/>Orman \u0130\u015fletme \u015eefi Yasin Demirer yap\u0131lan etkinlikle ilgili \u015fu bilgileri verdi: &#8220;21 Mart D\u00fcnya Ormanc\u0131l\u0131k G\u00fcn\u00fc kapsam\u0131nda, Cumhuriyet Park\u0131 \u00e7evresinde 300 adet Kara Selvi, 100 adet F\u0131st\u0131k \u00c7am\u0131 fidan\u0131n\u0131 toprakla bulu\u015fturduk.&#8221;<br \/><\/p>\n","protected":false},"excerpt":{"rendered":"<p>Manisa\u2019n\u0131n Ala\u015fehir il\u00e7esinde 400 fidan toprakla bulu\u015ftu. Manisa\u2019n\u0131n Ala\u015fehir il\u00e7esinde 21 Mart D\u00fcnya Ormanc\u0131l\u0131k G\u00fcn\u00fc kapsam\u0131nda Ala\u015fehir Orman \u0130\u015fletme \u015eefli\u011fi taraf\u0131ndan A\u011fa\u00e7 dikme etkinli\u011fi ger\u00e7ekle\u015ftirildi. Cumhuriyet Park\u0131 \u00e7evresinde yap\u0131lan etkinli\u011fe Ala\u015fehir Kaymakam\u0131 Alper Faruk G\u00fcng\u00f6r, Ala\u015fehir Belediye Ba\u015fkan\u0131 Ahmet \u00d6k\u00fczc\u00fco\u011flu, Cumhuriyet Savc\u0131s\u0131 Mustafa Sait G\u00fcndo\u011fdu, kurum amirleri, sivil toplum \u00f6rg\u00fctleri, denetimli serbestlik tedbirlerinden yararlanan h\u00fck\u00fcml\u00fcler&#8230;<\/p>\n","protected":false},"author":1,"featured_media":25644,"comment_status":"open","ping_status":"open","sticky":false,"template":"","format":"standard","meta":{"_crdt_document":"","footnotes":""},"categories":[1],"tags":[],"class_list":["post-25643","post","type-post","status-publish","format-standard","has-post-thumbnail","hentry","category-guncel"],"_links":{"self":[{"href":"https:\/\/www.egemtv.com\/index.php?rest_route=\/wp\/v2\/posts\/25643","targetHints":{"allow":["GET"]}}],"collection":[{"href":"https:\/\/www.egemtv.com\/index.php?rest_route=\/wp\/v2\/posts"}],"about":[{"href":"https:\/\/www.egemtv.com\/index.php?rest_route=\/wp\/v2\/types\/post"}],"author":[{"embeddable":true,"href":"https:\/\/www.egemtv.com\/index.php?rest_route=\/wp\/v2\/users\/1"}],"replies":[{"embeddable":true,"href":"https:\/\/www.egemtv.com\/index.php?rest_route=%2Fwp%2Fv2%2Fcomments&post=25643"}],"version-history":[{"count":1,"href":"https:\/\/www.egemtv.com\/index.php?rest_route=\/wp\/v2\/posts\/25643\/revisions"}],"predecessor-version":[{"id":25645,"href":"https:\/\/www.egemtv.com\/index.php?rest_route=\/wp\/v2\/posts\/25643\/revisions\/25645"}],"wp:featuredmedia":[{"embeddable":true,"href":"https:\/\/www.egemtv.com\/index.php?rest_route=\/wp\/v2\/media\/25644"}],"wp:attachment":[{"href":"https:\/\/www.egemtv.com\/index.php?rest_route=%2Fwp%2Fv2%2Fmedia&parent=25643"}],"wp:term":[{"taxonomy":"category","embeddable":true,"href":"https:\/\/www.egemtv.com\/index.php?rest_route=%2Fwp%2Fv2%2Fcategories&post=25643"},{"taxonomy":"post_tag","embeddable":true,"href":"https:\/\/www.egemtv.com\/index.php?rest_route=%2Fwp%2Fv2%2Ftags&post=25643"}],"curies":[{"name":"wp","href":"https:\/\/api.w.org\/{rel}","templated":true}]}}