{"id":25640,"date":"2025-03-21T12:32:05","date_gmt":"2025-03-21T09:32:05","guid":{"rendered":"https:\/\/www.egemtv.com\/?p=25640"},"modified":"2025-03-21T12:32:10","modified_gmt":"2025-03-21T09:32:10","slug":"arama-kurtarma-ekipleri-bir-araya-geldi","status":"publish","type":"post","link":"https:\/\/www.egemtv.com\/?p=25640","title":{"rendered":"Arama kurtarma ekipleri bir araya geldi"},"content":{"rendered":"<p>\u0130HH Arama Kurtarma ekibi taraf\u0131ndan Manisa\u2019daki kamu kurumlar\u0131n\u0131n ve arama kurtarma ekiplerinin \u00fcyelerine iftar verildi. Programa, AFAD \u0130l M\u00fcd\u00fcr\u00fc Osman P\u0131ht\u0131l\u0131 ve AFAD g\u00f6revlileri, \u0130l sa\u011fl\u0131k M\u00fcd\u00fcrl\u00fc\u011f\u00fc, MEB Akub, UMKE ve B\u00fcy\u00fck\u015fehir Belediyesi \u0130tfaiye Birimi kat\u0131l\u0131rken STK\u2019lardan ise Anda, Tamga, Soma Sodos, Hayrat Arama Kurtarma ve Afed Arama Kurtarma ekipleri kat\u0131ld\u0131.<br \/>\n<br \/>\u0130ftar yeme\u011finde konu\u015fma yapan \u0130HH Arama Kurtarma Ekip Lideri Agah K\u0131l\u0131\u00e7, dayan\u0131\u015fma ve fedak\u00e2rl\u0131\u011f\u0131n \u00f6nemine vurgu yaparak, &#8220;Bug\u00fcn burada, ayn\u0131 sofray\u0131 payla\u015fman\u0131n mutlulu\u011funu ya\u015farken, asl\u0131nda \u00e7ok daha b\u00fcy\u00fck bir de\u011feri de payla\u015f\u0131yoruz: Dayan\u0131\u015fmay\u0131, fedak\u00e2rl\u0131\u011f\u0131 ve insanl\u0131\u011fa hizmet etme bilincini. Bizler, \u0130HH Arama Kurtarma ekibi olarak zor zamanlarda, en umutsuz anlarda el uzatmak i\u00e7in var\u0131z. Hepimiz biliyoruz ki afetler, kazalar ya da zorluklar beklenmedik anlarda gelir. Ama bizim i\u00e7in en \u00f6nemli olan, bu anlarda yaln\u0131z olmad\u0131\u011f\u0131m\u0131z\u0131 bilmek ve her \u015fartta bir araya gelebilmektir. Bug\u00fcn burada sizlerle olmaktan b\u00fcy\u00fck bir onur duyuyorum. \u00c7\u00fcnk\u00fc bu sofrada sadece ekme\u011fimizi de\u011fil, ayn\u0131 zamanda iyili\u011fe olan inanc\u0131m\u0131z\u0131 da payla\u015f\u0131yoruz. Bug\u00fcn burada yaln\u0131zca iftar a\u00e7m\u0131yoruz, ayn\u0131 zamanda birbirimize verdi\u011fimiz deste\u011fi, bir arada olman\u0131n verdi\u011fi g\u00fcc\u00fc de hissediyoruz. Bu vesileyle, \u00f6zveriyle \u00e7al\u0131\u015fan t\u00fcm arama kurtarma ekiplerine, g\u00f6n\u00fcll\u00fclerimize en i\u00e7ten te\u015fekk\u00fcrlerimi sunuyorum. Rabbim hepimizi iyilik yolunda bir araya getirmeye devam etsin.&#8221; dedi<br \/>\n<br \/>\u0130ftar program\u0131, kat\u0131l\u0131mc\u0131lar\u0131n birlik ve beraberlik duygular\u0131n\u0131 peki\u015ftirerek, arama kurtarma ekiplerinin moral ve motivasyonunu art\u0131rd\u0131.<br \/><\/p>\n","protected":false},"excerpt":{"rendered":"<p>\u0130HH Arama Kurtarma ekibi taraf\u0131ndan Manisa\u2019daki kamu kurumlar\u0131n\u0131n ve arama kurtarma ekiplerinin \u00fcyelerine iftar verildi. Programa, AFAD \u0130l M\u00fcd\u00fcr\u00fc Osman P\u0131ht\u0131l\u0131 ve AFAD g\u00f6revlileri, \u0130l sa\u011fl\u0131k M\u00fcd\u00fcrl\u00fc\u011f\u00fc, MEB Akub, UMKE ve B\u00fcy\u00fck\u015fehir Belediyesi \u0130tfaiye Birimi kat\u0131l\u0131rken STK\u2019lardan ise Anda, Tamga, Soma Sodos, Hayrat Arama Kurtarma ve Afed Arama Kurtarma ekipleri kat\u0131ld\u0131. \u0130ftar yeme\u011finde konu\u015fma yapan&#8230;<\/p>\n","protected":false},"author":1,"featured_media":25641,"comment_status":"open","ping_status":"open","sticky":false,"template":"","format":"standard","meta":{"_crdt_document":"","footnotes":""},"categories":[123],"tags":[],"class_list":["post-25640","post","type-post","status-publish","format-standard","has-post-thumbnail","hentry","category-gundem"],"_links":{"self":[{"href":"https:\/\/www.egemtv.com\/index.php?rest_route=\/wp\/v2\/posts\/25640","targetHints":{"allow":["GET"]}}],"collection":[{"href":"https:\/\/www.egemtv.com\/index.php?rest_route=\/wp\/v2\/posts"}],"about":[{"href":"https:\/\/www.egemtv.com\/index.php?rest_route=\/wp\/v2\/types\/post"}],"author":[{"embeddable":true,"href":"https:\/\/www.egemtv.com\/index.php?rest_route=\/wp\/v2\/users\/1"}],"replies":[{"embeddable":true,"href":"https:\/\/www.egemtv.com\/index.php?rest_route=%2Fwp%2Fv2%2Fcomments&post=25640"}],"version-history":[{"count":1,"href":"https:\/\/www.egemtv.com\/index.php?rest_route=\/wp\/v2\/posts\/25640\/revisions"}],"predecessor-version":[{"id":25642,"href":"https:\/\/www.egemtv.com\/index.php?rest_route=\/wp\/v2\/posts\/25640\/revisions\/25642"}],"wp:featuredmedia":[{"embeddable":true,"href":"https:\/\/www.egemtv.com\/index.php?rest_route=\/wp\/v2\/media\/25641"}],"wp:attachment":[{"href":"https:\/\/www.egemtv.com\/index.php?rest_route=%2Fwp%2Fv2%2Fmedia&parent=25640"}],"wp:term":[{"taxonomy":"category","embeddable":true,"href":"https:\/\/www.egemtv.com\/index.php?rest_route=%2Fwp%2Fv2%2Fcategories&post=25640"},{"taxonomy":"post_tag","embeddable":true,"href":"https:\/\/www.egemtv.com\/index.php?rest_route=%2Fwp%2Fv2%2Ftags&post=25640"}],"curies":[{"name":"wp","href":"https:\/\/api.w.org\/{rel}","templated":true}]}}