{"id":25637,"date":"2025-03-21T12:32:00","date_gmt":"2025-03-21T09:32:00","guid":{"rendered":"https:\/\/www.egemtv.com\/?p=25637"},"modified":"2025-03-21T12:32:05","modified_gmt":"2025-03-21T09:32:05","slug":"jandarma-eber-golunu-havadan-ve-karadan-koruyor","status":"publish","type":"post","link":"https:\/\/www.egemtv.com\/?p=25637","title":{"rendered":"Jandarma Eber G\u00f6l\u00fc\u2019n\u00fc havadan ve karadan koruyor"},"content":{"rendered":"<p>Eber G\u00f6l\u00fc\u2019nde ka\u00e7ak avc\u0131l\u0131\u011f\u0131n\u0131n \u00f6n\u00fcne ge\u00e7ilmesi amac\u0131yla Afyonkarahisar \u0130l Jandarma Komutanl\u0131\u011f\u0131 taraf\u0131ndan g\u00f6l ve \u00e7evresinde havadan ve karadan al\u0131nan g\u00fcvenlik \u00f6nlemleri devam ederken, ekipler ayr\u0131ca 635 vatanda\u015fa asayi\u015f konusunda e\u011fitim verdi.<br \/>\n<br \/>Afyonkarahisar \u0130l Jandarma Komutanl\u0131\u011f\u0131nca, Merkez Av Komisyonu Kararlar\u0131 ile avlanmaya yasak b\u00f6lge olarak ilan edilen Eber G\u00f6l\u00fc ve \u00e7evresinde ka\u00e7ak avc\u0131l\u0131k faaliyetlerinin engellenmesi, do\u011fal ya\u015fam\u0131n korunmas\u0131 ve toplumsal fark\u0131ndal\u0131\u011f\u0131n art\u0131r\u0131lmas\u0131 maksad\u0131yla ger\u00e7ekle\u015ftirdi\u011fi denetim ve bilgilendirme \u00e7al\u0131\u015fmalar\u0131na devam ediyor. B\u00f6lgede 9 jandarma asayi\u015f timi, 3 jandarma komando timi, 1 \u00e7evre ve do\u011fa koruma timi olmak \u00fczere 72 personel, 12 ara\u00e7, dron ve fotokapanlarla havadan ve karadan denetim ve kontrollerin devam etti\u011fi kaydedildi.<br \/>\n<br \/>Ger\u00e7ekle\u015ftirilen faaliyetlerle ilgili Afyonkarahisar Valili\u011fi\u2019nden yap\u0131lan yaz\u0131l\u0131 a\u00e7\u0131klamada ise &#8220;Eber G\u00f6l\u00fcne k\u0131y\u0131s\u0131 olan belde ve k\u00f6ylerde ikamet eden toplam 635 vatanda\u015fa y\u00f6nelik \u2018Ka\u00e7ak Avc\u0131l\u0131\u011f\u0131n \u00d6nlenmesi, Toplumsal Fark\u0131ndal\u0131\u011f\u0131n Art\u0131r\u0131lmas\u0131, Adli ve \u0130dari Yapt\u0131r\u0131mlar\u2019 konular\u0131nda bilgilendirme yap\u0131lm\u0131\u015ft\u0131r. E\u011fitim faaliyetlerinin yan\u0131 s\u0131ra toplam 21 saat dron ile havadan kontrol faaliyeti ger\u00e7ekle\u015fmi\u015ftir.<br \/>\n<br \/>Yap\u0131lan denetimler sonucunda, yasaklar\u0131 ihlal eden 3 \u015f\u00fcpheli \u015fah\u0131s hakk\u0131nda 4915 say\u0131l\u0131 Kara Avc\u0131l\u0131\u011f\u0131 Kanununa Muhalefetten toplam 94 bin 158 TL idari para cezas\u0131 uygulanarak yasad\u0131\u015f\u0131 avc\u0131l\u0131kta kullan\u0131lan malzemeler ele ge\u00e7irilmi\u015f, 3 keklik muhafaza alt\u0131na al\u0131narak Do\u011fa Koruma ve Milli Parklar \u015eefli\u011fine teslim edilmi\u015ftir. Ka\u00e7ak avc\u0131l\u0131\u011f\u0131 organize eden ve d\u0131\u015far\u0131dan gelen avc\u0131lara g\u00f6lde avlanmaya yer ve imk\u00e2n sa\u011flayan \u015fah\u0131slar\u0131n tespitine y\u00f6nelik \u00e7al\u0131\u015fmalar devam etmektedir&#8221; ifadelerine yer verildi.<br \/><\/p>\n","protected":false},"excerpt":{"rendered":"<p>Eber G\u00f6l\u00fc\u2019nde ka\u00e7ak avc\u0131l\u0131\u011f\u0131n\u0131n \u00f6n\u00fcne ge\u00e7ilmesi amac\u0131yla Afyonkarahisar \u0130l Jandarma Komutanl\u0131\u011f\u0131 taraf\u0131ndan g\u00f6l ve \u00e7evresinde havadan ve karadan al\u0131nan g\u00fcvenlik \u00f6nlemleri devam ederken, ekipler ayr\u0131ca 635 vatanda\u015fa asayi\u015f konusunda e\u011fitim verdi. Afyonkarahisar \u0130l Jandarma Komutanl\u0131\u011f\u0131nca, Merkez Av Komisyonu Kararlar\u0131 ile avlanmaya yasak b\u00f6lge olarak ilan edilen Eber G\u00f6l\u00fc ve \u00e7evresinde ka\u00e7ak avc\u0131l\u0131k faaliyetlerinin engellenmesi, do\u011fal&#8230;<\/p>\n","protected":false},"author":1,"featured_media":25638,"comment_status":"open","ping_status":"open","sticky":false,"template":"","format":"standard","meta":{"_crdt_document":"","footnotes":""},"categories":[1],"tags":[],"class_list":["post-25637","post","type-post","status-publish","format-standard","has-post-thumbnail","hentry","category-guncel"],"_links":{"self":[{"href":"https:\/\/www.egemtv.com\/index.php?rest_route=\/wp\/v2\/posts\/25637","targetHints":{"allow":["GET"]}}],"collection":[{"href":"https:\/\/www.egemtv.com\/index.php?rest_route=\/wp\/v2\/posts"}],"about":[{"href":"https:\/\/www.egemtv.com\/index.php?rest_route=\/wp\/v2\/types\/post"}],"author":[{"embeddable":true,"href":"https:\/\/www.egemtv.com\/index.php?rest_route=\/wp\/v2\/users\/1"}],"replies":[{"embeddable":true,"href":"https:\/\/www.egemtv.com\/index.php?rest_route=%2Fwp%2Fv2%2Fcomments&post=25637"}],"version-history":[{"count":1,"href":"https:\/\/www.egemtv.com\/index.php?rest_route=\/wp\/v2\/posts\/25637\/revisions"}],"predecessor-version":[{"id":25639,"href":"https:\/\/www.egemtv.com\/index.php?rest_route=\/wp\/v2\/posts\/25637\/revisions\/25639"}],"wp:featuredmedia":[{"embeddable":true,"href":"https:\/\/www.egemtv.com\/index.php?rest_route=\/wp\/v2\/media\/25638"}],"wp:attachment":[{"href":"https:\/\/www.egemtv.com\/index.php?rest_route=%2Fwp%2Fv2%2Fmedia&parent=25637"}],"wp:term":[{"taxonomy":"category","embeddable":true,"href":"https:\/\/www.egemtv.com\/index.php?rest_route=%2Fwp%2Fv2%2Fcategories&post=25637"},{"taxonomy":"post_tag","embeddable":true,"href":"https:\/\/www.egemtv.com\/index.php?rest_route=%2Fwp%2Fv2%2Ftags&post=25637"}],"curies":[{"name":"wp","href":"https:\/\/api.w.org\/{rel}","templated":true}]}}