{"id":25634,"date":"2025-03-21T12:31:57","date_gmt":"2025-03-21T09:31:57","guid":{"rendered":"https:\/\/www.egemtv.com\/?p=25634"},"modified":"2025-03-21T12:32:00","modified_gmt":"2025-03-21T09:32:00","slug":"dikilide-ilkokullar-arasi-mini-voleybol-senligi","status":"publish","type":"post","link":"https:\/\/www.egemtv.com\/?p=25634","title":{"rendered":"Dikili\u2019de ilkokullar aras\u0131 mini voleybol \u015fenli\u011fi"},"content":{"rendered":"<p>\u0130zmir\u2019in Dikili il\u00e7esinde ilkokullar aras\u0131 mini voleybol \u015fenli\u011fi d\u00fczenlenecek. Gelece\u011fin sporcular\u0131n\u0131 yeti\u015ftirmeyi hedeflediklerini belirten \u0130l\u00e7e Gen\u00e7lik Spor M\u00fcd\u00fcr\u00fc Demir, &#8220;Bu t\u00fcr etkinliklerin devam edece\u011fini ve \u00e7ocuklar\u0131n sporla i\u00e7 i\u00e7e b\u00fcy\u00fcmeleri i\u00e7in her zaman desteklerimizi s\u00fcrd\u00fcrece\u011fiz&#8221; dedi.<br \/>\n<br \/>Dikili\u2019de, \u00e7ocuklara spor bilinci kazand\u0131rmak ve tak\u0131m ruhunu peki\u015ftirmek amac\u0131yla \u0130l\u00e7e Gen\u00e7lik ve Spor M\u00fcd\u00fcrl\u00fc\u011f\u00fc ile \u0130l\u00e7e Milli E\u011fitim M\u00fcd\u00fcrl\u00fc\u011f\u00fc\u2019n\u00fcn ortak \u00e7al\u0131\u015fmas\u0131 ile ilkokullar aras\u0131 mini voleybol \u015fenli\u011fi hayata ge\u00e7iriliyor. Dikili Gen\u00e7lik Spor \u0130l\u00e7e M\u00fcd\u00fcrl\u00fc\u011f\u00fc Kapal\u0131 Spor Salonu\u2019nda d\u00fczenlenecek  anlaml\u0131 etkinlikte, Bademli Mehmet Ertu\u011frul Deniz Olgun \u0130lkokulu, Atat\u00fcrk \u0130lkokulu, \u00c7andarl\u0131 Cumhuriyet \u0130lkokulu ve Ali \u00c7etinkaya \u0130lkokulu yer alacak. M\u00fcsabakalar, tamamen dostluk ve e\u011flence odakl\u0131 olup kazanan ya da kaybedenin olmad\u0131\u011f\u0131 bir formatta ger\u00e7ekle\u015fecek. \u00c7ocuklar, spor yaparak hem e\u011flenecek hem de tak\u0131m \u00e7al\u0131\u015fmas\u0131n\u0131n \u00f6nemini kavrayacak. Gen\u00e7lerin spora te\u015fvik etmek amac\u0131yla 23 Nisan\u2019da madalya t\u00f6reni d\u00fczenlenece\u011fini a\u00e7\u0131klayan \u0130l\u00e7e Gen\u00e7lik Spor M\u00fcd\u00fcr\u00fc Ya\u015far Demir, bu t\u00fcr etkinliklerin devam edece\u011fini s\u00f6yleyerek, &#8220;\u00c7ocuklar\u0131n sporla i\u00e7 i\u00e7e b\u00fcy\u00fcmeleri i\u00e7in her zaman desteklerimizi s\u00fcrd\u00fcrece\u011fiz. Bu organizasyon, gelece\u011fin sporcular\u0131n\u0131 yeti\u015ftirmek ve \u00e7ocuklara sa\u011fl\u0131kl\u0131 bir ya\u015fam al\u0131\u015fkanl\u0131\u011f\u0131 kazand\u0131rmak i\u00e7in \u00f6nemli bir ad\u0131m olacak&#8221; ifadelerini kulland\u0131.<br \/><\/p>\n","protected":false},"excerpt":{"rendered":"<p>\u0130zmir\u2019in Dikili il\u00e7esinde ilkokullar aras\u0131 mini voleybol \u015fenli\u011fi d\u00fczenlenecek. Gelece\u011fin sporcular\u0131n\u0131 yeti\u015ftirmeyi hedeflediklerini belirten \u0130l\u00e7e Gen\u00e7lik Spor M\u00fcd\u00fcr\u00fc Demir, &#8220;Bu t\u00fcr etkinliklerin devam edece\u011fini ve \u00e7ocuklar\u0131n sporla i\u00e7 i\u00e7e b\u00fcy\u00fcmeleri i\u00e7in her zaman desteklerimizi s\u00fcrd\u00fcrece\u011fiz&#8221; dedi. Dikili\u2019de, \u00e7ocuklara spor bilinci kazand\u0131rmak ve tak\u0131m ruhunu peki\u015ftirmek amac\u0131yla \u0130l\u00e7e Gen\u00e7lik ve Spor M\u00fcd\u00fcrl\u00fc\u011f\u00fc ile \u0130l\u00e7e Milli E\u011fitim&#8230;<\/p>\n","protected":false},"author":1,"featured_media":25635,"comment_status":"open","ping_status":"open","sticky":false,"template":"","format":"standard","meta":{"_crdt_document":"","footnotes":""},"categories":[1],"tags":[],"class_list":["post-25634","post","type-post","status-publish","format-standard","has-post-thumbnail","hentry","category-guncel"],"_links":{"self":[{"href":"https:\/\/www.egemtv.com\/index.php?rest_route=\/wp\/v2\/posts\/25634","targetHints":{"allow":["GET"]}}],"collection":[{"href":"https:\/\/www.egemtv.com\/index.php?rest_route=\/wp\/v2\/posts"}],"about":[{"href":"https:\/\/www.egemtv.com\/index.php?rest_route=\/wp\/v2\/types\/post"}],"author":[{"embeddable":true,"href":"https:\/\/www.egemtv.com\/index.php?rest_route=\/wp\/v2\/users\/1"}],"replies":[{"embeddable":true,"href":"https:\/\/www.egemtv.com\/index.php?rest_route=%2Fwp%2Fv2%2Fcomments&post=25634"}],"version-history":[{"count":1,"href":"https:\/\/www.egemtv.com\/index.php?rest_route=\/wp\/v2\/posts\/25634\/revisions"}],"predecessor-version":[{"id":25636,"href":"https:\/\/www.egemtv.com\/index.php?rest_route=\/wp\/v2\/posts\/25634\/revisions\/25636"}],"wp:featuredmedia":[{"embeddable":true,"href":"https:\/\/www.egemtv.com\/index.php?rest_route=\/wp\/v2\/media\/25635"}],"wp:attachment":[{"href":"https:\/\/www.egemtv.com\/index.php?rest_route=%2Fwp%2Fv2%2Fmedia&parent=25634"}],"wp:term":[{"taxonomy":"category","embeddable":true,"href":"https:\/\/www.egemtv.com\/index.php?rest_route=%2Fwp%2Fv2%2Fcategories&post=25634"},{"taxonomy":"post_tag","embeddable":true,"href":"https:\/\/www.egemtv.com\/index.php?rest_route=%2Fwp%2Fv2%2Ftags&post=25634"}],"curies":[{"name":"wp","href":"https:\/\/api.w.org\/{rel}","templated":true}]}}