{"id":25631,"date":"2025-03-21T12:04:01","date_gmt":"2025-03-21T09:04:01","guid":{"rendered":"https:\/\/www.egemtv.com\/?p=25631"},"modified":"2025-03-21T12:04:05","modified_gmt":"2025-03-21T09:04:05","slug":"manisada-imamogluna-destek-yuruyusu","status":"publish","type":"post","link":"https:\/\/www.egemtv.com\/?p=25631","title":{"rendered":"Manisa\u2019da \u0130mamo\u011flu\u2019na destek y\u00fcr\u00fcy\u00fc\u015f\u00fc"},"content":{"rendered":"<p>Cumhuriyet Halk Partisi (CHP) Manisa \u0130l Ba\u015fkanl\u0131\u011f\u0131, g\u00f6zalt\u0131na al\u0131nan \u0130stanbul B\u00fcy\u00fck\u015fehir Belediye Ba\u015fkan\u0131 Ekrem \u0130mamo\u011flu\u2019na destek olmak amac\u0131yla y\u00fcr\u00fcy\u00fc\u015f d\u00fczenledi.<br \/>\n<br \/>\u015eehzadeler il\u00e7esi K\u00fclt\u00fcr Merkezi \u00f6n\u00fcnden ba\u015flayan y\u00fcr\u00fcy\u00fc\u015fe, CHP Manisa \u0130l Ba\u015fkan\u0131 \u0130lksen \u00d6zalper\u2019in yan\u0131 s\u0131ra B\u00fcy\u00fck\u015fehir Belediye Ba\u015fkan\u0131 Ferdi Zeyrek, Yunusemre Belediye Ba\u015fkan\u0131 Semih Balaban, \u015eehzadeler Belediye Ba\u015fkan\u0131 G\u00fcl\u015fah Durbay, Akhisar Belediye Ba\u015fkan\u0131 Besim Dutlulu, Ala\u015fehir Belediye Ba\u015fkan\u0131 Ahmet \u00d6k\u00fczc\u00fco\u011flu ve G\u00f6lmarmara Belediye Ba\u015fkan\u0131 Cem Aykan da kat\u0131ld\u0131. Ekrem \u0130mamo\u011flu\u2019na destek sloganlar\u0131 e\u015fli\u011finde ger\u00e7ekle\u015fen y\u00fcr\u00fcy\u00fc\u015f, 15 Temmuz Demokrasi Meydan\u0131\u2019nda sona erdi.<br \/>\n<br \/>Kortej y\u00fcr\u00fcy\u00fc\u015f\u00fcn\u00fcn ard\u0131ndan meydan toplanan kalabal\u0131\u011fa hitap eden CHP Manisa \u0130l Ba\u015fkan\u0131 \u0130lksen \u00d6zalper, &#8220;Bu y\u00fcr\u00fcy\u00fc\u015f sadece Ekrem \u0130mamo\u011flu\u2019na destek de\u011fil, ayn\u0131 zamanda demokrasimize sahip \u00e7\u0131kma \u00e7a\u011fr\u0131s\u0131d\u0131r. Bask\u0131lara boyun e\u011fmeyece\u011fiz, adaletsizli\u011fe birlikte direnece\u011fiz. T\u00fcm Manisal\u0131lar\u0131 23 Mart\u2019ta partimizin Cumhurba\u015fkanl\u0131\u011f\u0131 \u00f6n se\u00e7imine kat\u0131lmaya \u00e7a\u011f\u0131r\u0131yorum. Kurtulu\u015f yok tek ba\u015f\u0131na, ya hep beraber ya hi\u00e7birimiz&#8221; ifadelerini kulland\u0131.<br \/><\/p>\n","protected":false},"excerpt":{"rendered":"<p>Cumhuriyet Halk Partisi (CHP) Manisa \u0130l Ba\u015fkanl\u0131\u011f\u0131, g\u00f6zalt\u0131na al\u0131nan \u0130stanbul B\u00fcy\u00fck\u015fehir Belediye Ba\u015fkan\u0131 Ekrem \u0130mamo\u011flu\u2019na destek olmak amac\u0131yla y\u00fcr\u00fcy\u00fc\u015f d\u00fczenledi. \u015eehzadeler il\u00e7esi K\u00fclt\u00fcr Merkezi \u00f6n\u00fcnden ba\u015flayan y\u00fcr\u00fcy\u00fc\u015fe, CHP Manisa \u0130l Ba\u015fkan\u0131 \u0130lksen \u00d6zalper\u2019in yan\u0131 s\u0131ra B\u00fcy\u00fck\u015fehir Belediye Ba\u015fkan\u0131 Ferdi Zeyrek, Yunusemre Belediye Ba\u015fkan\u0131 Semih Balaban, \u015eehzadeler Belediye Ba\u015fkan\u0131 G\u00fcl\u015fah Durbay, Akhisar Belediye Ba\u015fkan\u0131 Besim Dutlulu,&#8230;<\/p>\n","protected":false},"author":1,"featured_media":25632,"comment_status":"open","ping_status":"open","sticky":false,"template":"","format":"standard","meta":{"_crdt_document":"","footnotes":""},"categories":[127],"tags":[],"class_list":["post-25631","post","type-post","status-publish","format-standard","has-post-thumbnail","hentry","category-siyaset"],"_links":{"self":[{"href":"https:\/\/www.egemtv.com\/index.php?rest_route=\/wp\/v2\/posts\/25631","targetHints":{"allow":["GET"]}}],"collection":[{"href":"https:\/\/www.egemtv.com\/index.php?rest_route=\/wp\/v2\/posts"}],"about":[{"href":"https:\/\/www.egemtv.com\/index.php?rest_route=\/wp\/v2\/types\/post"}],"author":[{"embeddable":true,"href":"https:\/\/www.egemtv.com\/index.php?rest_route=\/wp\/v2\/users\/1"}],"replies":[{"embeddable":true,"href":"https:\/\/www.egemtv.com\/index.php?rest_route=%2Fwp%2Fv2%2Fcomments&post=25631"}],"version-history":[{"count":1,"href":"https:\/\/www.egemtv.com\/index.php?rest_route=\/wp\/v2\/posts\/25631\/revisions"}],"predecessor-version":[{"id":25633,"href":"https:\/\/www.egemtv.com\/index.php?rest_route=\/wp\/v2\/posts\/25631\/revisions\/25633"}],"wp:featuredmedia":[{"embeddable":true,"href":"https:\/\/www.egemtv.com\/index.php?rest_route=\/wp\/v2\/media\/25632"}],"wp:attachment":[{"href":"https:\/\/www.egemtv.com\/index.php?rest_route=%2Fwp%2Fv2%2Fmedia&parent=25631"}],"wp:term":[{"taxonomy":"category","embeddable":true,"href":"https:\/\/www.egemtv.com\/index.php?rest_route=%2Fwp%2Fv2%2Fcategories&post=25631"},{"taxonomy":"post_tag","embeddable":true,"href":"https:\/\/www.egemtv.com\/index.php?rest_route=%2Fwp%2Fv2%2Ftags&post=25631"}],"curies":[{"name":"wp","href":"https:\/\/api.w.org\/{rel}","templated":true}]}}