{"id":25628,"date":"2025-03-21T12:03:58","date_gmt":"2025-03-21T09:03:58","guid":{"rendered":"https:\/\/www.egemtv.com\/?p=25628"},"modified":"2025-03-21T12:04:01","modified_gmt":"2025-03-21T09:04:01","slug":"tarimsal-kalkinma-kooperatifinde-44-milyon-liralik-dolandiricilik","status":"publish","type":"post","link":"https:\/\/www.egemtv.com\/?p=25628","title":{"rendered":"Tar\u0131msal kalk\u0131nma kooperatifinde 44 milyon liral\u0131k doland\u0131r\u0131c\u0131l\u0131k"},"content":{"rendered":"<p>\u0130zmir\u2019de bir tar\u0131msal kalk\u0131nma kooperatifi eski y\u00f6netim kurulu \u00fcyeleri taraf\u0131ndan 44 milyon liral\u0131k doland\u0131r\u0131c\u0131l\u0131k tespit edildi. Y\u00fcr\u00fct\u00fclen soru\u015fturma kapsam\u0131nda g\u00f6zalt\u0131n al\u0131nan 7 ki\u015fiden 6\u2019s\u0131 tutukland\u0131.<br \/>\n<br \/>\u00d6demi\u015f il\u00e7esinde faaliyet y\u00fcr\u00fcten Gereli Tar\u0131msal Kalk\u0131nma Kooperatifi 2021- 2024 y\u0131llar\u0131 aras\u0131ndaki i\u015f ve i\u015flemleriyle ilgili olarak 44 milyon TL zarara u\u011frat\u0131ld\u0131. Yeni y\u00f6netim taraf\u0131ndan \u00d6demi\u015f Cumhuriyet Ba\u015fsavc\u0131l\u0131\u011f\u0131na su\u00e7 duyurusunda bulanmas\u0131yla harekete ge\u00e7en \u0130l Jandarma Komutanl\u0131\u011f\u0131 ekipleri 6 ayl\u0131k bir \u00e7al\u0131\u015fma y\u00fcr\u00fctt\u00fc. Yap\u0131lan ara\u015ft\u0131rmalar sonucunda bir \u00f6nceki d\u00f6nem y\u00f6netim kurulu \u00fcyelerinin; nitelikli zimmet, resmi belgede sahtecilik, g\u00f6revi k\u00f6t\u00fcye kullanma ve nitelikli doland\u0131r\u0131c\u0131l\u0131k su\u00e7lar\u0131n\u0131 i\u015fleyerek kooperatif ve ortaklar\u0131n\u0131 44 milyon TL zarara u\u011fratt\u0131\u011f\u0131 belirlendi. Kooperatifi zarara u\u011fratan \u015f\u00fcpheliler \u0130zmir \u0130l Jandarma Komutanl\u0131\u011f\u0131 \u0130stihbarat \u015eube M\u00fcd\u00fcrl\u00fc\u011f\u00fc, KOM \u015eube M\u00fcd\u00fcrl\u00fc\u011f\u00fc ve \u00d6demi\u015f \u0130l\u00e7e Jandarma Komutanl\u0131\u011f\u0131 ekipleri taraf\u0131ndan 18 Mart tarihinde yap\u0131lan operasyonla yakaland\u0131.<br \/>\n<br \/>G\u00f6zalt\u0131na al\u0131nan M.G, A.Y., \u0130.K., A.Y., G.Y., N.Z. ve E.\u00c7.  isimli \u015f\u00fcpheli \u015fah\u0131slar i\u015flemleri i\u00e7in emniyete sevk edildi. \u0130\u015flemleri tamamland\u0131ktan sonra mahkemeye \u00e7\u0131kart\u0131lan \u015f\u00fcphelilerden E.\u00c7. adli kontrol \u015fart\u0131yla serbest b\u0131rak\u0131l\u0131rken di\u011ferleri tutuklanarak cezaevine g\u00f6nderildi.<br \/><\/p>\n","protected":false},"excerpt":{"rendered":"<p>\u0130zmir\u2019de bir tar\u0131msal kalk\u0131nma kooperatifi eski y\u00f6netim kurulu \u00fcyeleri taraf\u0131ndan 44 milyon liral\u0131k doland\u0131r\u0131c\u0131l\u0131k tespit edildi. Y\u00fcr\u00fct\u00fclen soru\u015fturma kapsam\u0131nda g\u00f6zalt\u0131n al\u0131nan 7 ki\u015fiden 6\u2019s\u0131 tutukland\u0131. \u00d6demi\u015f il\u00e7esinde faaliyet y\u00fcr\u00fcten Gereli Tar\u0131msal Kalk\u0131nma Kooperatifi 2021- 2024 y\u0131llar\u0131 aras\u0131ndaki i\u015f ve i\u015flemleriyle ilgili olarak 44 milyon TL zarara u\u011frat\u0131ld\u0131. Yeni y\u00f6netim taraf\u0131ndan \u00d6demi\u015f Cumhuriyet Ba\u015fsavc\u0131l\u0131\u011f\u0131na su\u00e7 duyurusunda&#8230;<\/p>\n","protected":false},"author":1,"featured_media":25629,"comment_status":"open","ping_status":"open","sticky":false,"template":"","format":"standard","meta":{"_crdt_document":"","footnotes":""},"categories":[5],"tags":[],"class_list":["post-25628","post","type-post","status-publish","format-standard","has-post-thumbnail","hentry","category-asayis"],"_links":{"self":[{"href":"https:\/\/www.egemtv.com\/index.php?rest_route=\/wp\/v2\/posts\/25628","targetHints":{"allow":["GET"]}}],"collection":[{"href":"https:\/\/www.egemtv.com\/index.php?rest_route=\/wp\/v2\/posts"}],"about":[{"href":"https:\/\/www.egemtv.com\/index.php?rest_route=\/wp\/v2\/types\/post"}],"author":[{"embeddable":true,"href":"https:\/\/www.egemtv.com\/index.php?rest_route=\/wp\/v2\/users\/1"}],"replies":[{"embeddable":true,"href":"https:\/\/www.egemtv.com\/index.php?rest_route=%2Fwp%2Fv2%2Fcomments&post=25628"}],"version-history":[{"count":1,"href":"https:\/\/www.egemtv.com\/index.php?rest_route=\/wp\/v2\/posts\/25628\/revisions"}],"predecessor-version":[{"id":25630,"href":"https:\/\/www.egemtv.com\/index.php?rest_route=\/wp\/v2\/posts\/25628\/revisions\/25630"}],"wp:featuredmedia":[{"embeddable":true,"href":"https:\/\/www.egemtv.com\/index.php?rest_route=\/wp\/v2\/media\/25629"}],"wp:attachment":[{"href":"https:\/\/www.egemtv.com\/index.php?rest_route=%2Fwp%2Fv2%2Fmedia&parent=25628"}],"wp:term":[{"taxonomy":"category","embeddable":true,"href":"https:\/\/www.egemtv.com\/index.php?rest_route=%2Fwp%2Fv2%2Fcategories&post=25628"},{"taxonomy":"post_tag","embeddable":true,"href":"https:\/\/www.egemtv.com\/index.php?rest_route=%2Fwp%2Fv2%2Ftags&post=25628"}],"curies":[{"name":"wp","href":"https:\/\/api.w.org\/{rel}","templated":true}]}}