{"id":25625,"date":"2025-03-21T12:03:55","date_gmt":"2025-03-21T09:03:55","guid":{"rendered":"https:\/\/www.egemtv.com\/?p=25625"},"modified":"2025-03-21T12:03:58","modified_gmt":"2025-03-21T09:03:58","slug":"baskan-eyup-kahveci-minik-ogrencilerle-bulustu","status":"publish","type":"post","link":"https:\/\/www.egemtv.com\/?p=25625","title":{"rendered":"Ba\u015fkan Ey\u00fcp Kahveci, minik \u00f6\u011frencilerle bulu\u015ftu"},"content":{"rendered":"<p>K\u00fctahya Belediye Ba\u015fkan\u0131 Ey\u00fcp Kahveci, Koru Anaokulu\u2019nu ziyaret ederek minik \u00f6\u011frencilerle bir araya geldi. \u00c7ocuklar\u0131n s\u0131cak ilgisiyle kar\u015f\u0131lanan Ba\u015fkan Kahveci, onlar\u0131n ne\u015fesine ortak oldu ve e\u011fitim hayatlar\u0131na dair keyifli sohbetler ger\u00e7ekle\u015ftirdi.<br \/>\n<br \/>Ziyaret \u00e7er\u00e7evesinde \u00f6\u011fretmenler ve okul y\u00f6neticileriyle de g\u00f6r\u00fc\u015fen Ba\u015fkan Kahveci, okul \u00f6ncesi e\u011fitimin \u00f6nemine dikkat \u00e7ekerek, &#8220;Gelece\u011fimizin teminat\u0131 olan \u00e7ocuklar\u0131m\u0131z\u0131n en iyi e\u011fitimi almas\u0131 i\u00e7in her zaman yanlar\u0131nda olaca\u011f\u0131z. Onlar\u0131n mutlu ve g\u00fcvenli bir ortamda b\u00fcy\u00fcmesi i\u00e7in elimizden geleni yapmaya devam edece\u011fiz&#8221; dedi.<br \/>\n<br \/>Samimi anlar\u0131n ya\u015fand\u0131\u011f\u0131 ziyarette minik \u00f6\u011frenciler, Ba\u015fkan Kahveci\u2019ye sevgilerini dile getirerek te\u015fekk\u00fcr etti. Ziyaret, hat\u0131ra foto\u011fraf\u0131 \u00e7ekimiyle sona erdi.<br \/><\/p>\n","protected":false},"excerpt":{"rendered":"<p>K\u00fctahya Belediye Ba\u015fkan\u0131 Ey\u00fcp Kahveci, Koru Anaokulu\u2019nu ziyaret ederek minik \u00f6\u011frencilerle bir araya geldi. \u00c7ocuklar\u0131n s\u0131cak ilgisiyle kar\u015f\u0131lanan Ba\u015fkan Kahveci, onlar\u0131n ne\u015fesine ortak oldu ve e\u011fitim hayatlar\u0131na dair keyifli sohbetler ger\u00e7ekle\u015ftirdi. Ziyaret \u00e7er\u00e7evesinde \u00f6\u011fretmenler ve okul y\u00f6neticileriyle de g\u00f6r\u00fc\u015fen Ba\u015fkan Kahveci, okul \u00f6ncesi e\u011fitimin \u00f6nemine dikkat \u00e7ekerek, &#8220;Gelece\u011fimizin teminat\u0131 olan \u00e7ocuklar\u0131m\u0131z\u0131n en iyi e\u011fitimi almas\u0131&#8230;<\/p>\n","protected":false},"author":1,"featured_media":25626,"comment_status":"open","ping_status":"open","sticky":false,"template":"","format":"standard","meta":{"_crdt_document":"","footnotes":""},"categories":[1],"tags":[],"class_list":["post-25625","post","type-post","status-publish","format-standard","has-post-thumbnail","hentry","category-guncel"],"_links":{"self":[{"href":"https:\/\/www.egemtv.com\/index.php?rest_route=\/wp\/v2\/posts\/25625","targetHints":{"allow":["GET"]}}],"collection":[{"href":"https:\/\/www.egemtv.com\/index.php?rest_route=\/wp\/v2\/posts"}],"about":[{"href":"https:\/\/www.egemtv.com\/index.php?rest_route=\/wp\/v2\/types\/post"}],"author":[{"embeddable":true,"href":"https:\/\/www.egemtv.com\/index.php?rest_route=\/wp\/v2\/users\/1"}],"replies":[{"embeddable":true,"href":"https:\/\/www.egemtv.com\/index.php?rest_route=%2Fwp%2Fv2%2Fcomments&post=25625"}],"version-history":[{"count":1,"href":"https:\/\/www.egemtv.com\/index.php?rest_route=\/wp\/v2\/posts\/25625\/revisions"}],"predecessor-version":[{"id":25627,"href":"https:\/\/www.egemtv.com\/index.php?rest_route=\/wp\/v2\/posts\/25625\/revisions\/25627"}],"wp:featuredmedia":[{"embeddable":true,"href":"https:\/\/www.egemtv.com\/index.php?rest_route=\/wp\/v2\/media\/25626"}],"wp:attachment":[{"href":"https:\/\/www.egemtv.com\/index.php?rest_route=%2Fwp%2Fv2%2Fmedia&parent=25625"}],"wp:term":[{"taxonomy":"category","embeddable":true,"href":"https:\/\/www.egemtv.com\/index.php?rest_route=%2Fwp%2Fv2%2Fcategories&post=25625"},{"taxonomy":"post_tag","embeddable":true,"href":"https:\/\/www.egemtv.com\/index.php?rest_route=%2Fwp%2Fv2%2Ftags&post=25625"}],"curies":[{"name":"wp","href":"https:\/\/api.w.org\/{rel}","templated":true}]}}