{"id":25622,"date":"2025-03-21T11:47:54","date_gmt":"2025-03-21T08:47:54","guid":{"rendered":"https:\/\/www.egemtv.com\/?p=25622"},"modified":"2025-03-21T11:47:57","modified_gmt":"2025-03-21T08:47:57","slug":"belediye-kutahyasporun-iftar-programinda-genc-sporcular-bir-araya-geldi","status":"publish","type":"post","link":"https:\/\/www.egemtv.com\/?p=25622","title":{"rendered":"Belediye K\u00fctahyaspor\u2019un iftar program\u0131nda gen\u00e7 sporcular bir araya geldi"},"content":{"rendered":"<p>K\u00fctahya Belediye Ba\u015fkan\u0131 Ey\u00fcp Kahveci, Belediye K\u00fctahyaspor A Tak\u0131m\u0131, U-17 ve U-14 sporcular\u0131 ile teknik ekibin kat\u0131ld\u0131\u011f\u0131 iftar program\u0131na konuk oldu. Ramazan ay\u0131n\u0131n manevi atmosferinde ger\u00e7ekle\u015fen bulu\u015fmada Ba\u015fkan Kahveci, sporcularla sohbet ederek ba\u015far\u0131 temennilerinde bulundu.<br \/>\n<br \/>Ba\u015fkan Kahveci, K\u00fctahyaspor\u2019un \u015fehrin \u00f6nemli de\u011ferlerinden biri oldu\u011funu vurgulayarak, sporun birlik ve beraberli\u011fi peki\u015ftirdi\u011fini ifade etti. Sporcular\u0131n elde etti\u011fi ba\u015far\u0131lara de\u011finen Kahveci, &#8220;U-17 tak\u0131m\u0131m\u0131z nama\u011flup bir \u015fekilde 6 puan farkla lider durumda ve bir galibiyet daha almas\u0131 halinde T\u00fcrkiye \u015eampiyonas\u0131\u2019na kat\u0131lmay\u0131 garantileyecek. U-14 tak\u0131m\u0131m\u0131z ligde 4. s\u0131rada ve b\u00fcy\u00fck bir m\u00fccadele veriyor. A tak\u0131m\u0131m\u0131z ise 45 puanla ligde 4. s\u0131rada yer al\u0131yor. \u00d6n\u00fcm\u00fczdeki tak\u0131mlarla aram\u0131zdaki puan fark\u0131 \u00e7ok az ve tak\u0131m\u0131m\u0131z her ge\u00e7en g\u00fcn daha da g\u00fc\u00e7leniyor. Bu azim ve kararl\u0131l\u0131kla devam edece\u011fimize ve Play-off\u2019a kalaca\u011f\u0131m\u0131za t\u00fcm kalbimle inan\u0131yorum&#8221; dedi.<br \/>\n<br \/>\u0130ftar program\u0131na kul\u00fcp y\u00f6neticileri, teknik ekip ve sporcular kat\u0131l\u0131m sa\u011flad\u0131. Program, samimi sohbetlerin ard\u0131ndan sona erdi.<br \/><\/p>\n","protected":false},"excerpt":{"rendered":"<p>K\u00fctahya Belediye Ba\u015fkan\u0131 Ey\u00fcp Kahveci, Belediye K\u00fctahyaspor A Tak\u0131m\u0131, U-17 ve U-14 sporcular\u0131 ile teknik ekibin kat\u0131ld\u0131\u011f\u0131 iftar program\u0131na konuk oldu. Ramazan ay\u0131n\u0131n manevi atmosferinde ger\u00e7ekle\u015fen bulu\u015fmada Ba\u015fkan Kahveci, sporcularla sohbet ederek ba\u015far\u0131 temennilerinde bulundu. Ba\u015fkan Kahveci, K\u00fctahyaspor\u2019un \u015fehrin \u00f6nemli de\u011ferlerinden biri oldu\u011funu vurgulayarak, sporun birlik ve beraberli\u011fi peki\u015ftirdi\u011fini ifade etti. Sporcular\u0131n elde etti\u011fi ba\u015far\u0131lara&#8230;<\/p>\n","protected":false},"author":1,"featured_media":25623,"comment_status":"open","ping_status":"open","sticky":false,"template":"","format":"standard","meta":{"_crdt_document":"","footnotes":""},"categories":[4],"tags":[],"class_list":["post-25622","post","type-post","status-publish","format-standard","has-post-thumbnail","hentry","category-spor"],"_links":{"self":[{"href":"https:\/\/www.egemtv.com\/index.php?rest_route=\/wp\/v2\/posts\/25622","targetHints":{"allow":["GET"]}}],"collection":[{"href":"https:\/\/www.egemtv.com\/index.php?rest_route=\/wp\/v2\/posts"}],"about":[{"href":"https:\/\/www.egemtv.com\/index.php?rest_route=\/wp\/v2\/types\/post"}],"author":[{"embeddable":true,"href":"https:\/\/www.egemtv.com\/index.php?rest_route=\/wp\/v2\/users\/1"}],"replies":[{"embeddable":true,"href":"https:\/\/www.egemtv.com\/index.php?rest_route=%2Fwp%2Fv2%2Fcomments&post=25622"}],"version-history":[{"count":1,"href":"https:\/\/www.egemtv.com\/index.php?rest_route=\/wp\/v2\/posts\/25622\/revisions"}],"predecessor-version":[{"id":25624,"href":"https:\/\/www.egemtv.com\/index.php?rest_route=\/wp\/v2\/posts\/25622\/revisions\/25624"}],"wp:featuredmedia":[{"embeddable":true,"href":"https:\/\/www.egemtv.com\/index.php?rest_route=\/wp\/v2\/media\/25623"}],"wp:attachment":[{"href":"https:\/\/www.egemtv.com\/index.php?rest_route=%2Fwp%2Fv2%2Fmedia&parent=25622"}],"wp:term":[{"taxonomy":"category","embeddable":true,"href":"https:\/\/www.egemtv.com\/index.php?rest_route=%2Fwp%2Fv2%2Fcategories&post=25622"},{"taxonomy":"post_tag","embeddable":true,"href":"https:\/\/www.egemtv.com\/index.php?rest_route=%2Fwp%2Fv2%2Ftags&post=25622"}],"curies":[{"name":"wp","href":"https:\/\/api.w.org\/{rel}","templated":true}]}}