{"id":25619,"date":"2025-03-21T11:47:50","date_gmt":"2025-03-21T08:47:50","guid":{"rendered":"https:\/\/www.egemtv.com\/?p=25619"},"modified":"2025-03-21T11:47:54","modified_gmt":"2025-03-21T08:47:54","slug":"vali-yigitbasi-kamu-kurumlarimiz-millete-hizmet-icin-gayret-ve-samimiyetle-calisiyor","status":"publish","type":"post","link":"https:\/\/www.egemtv.com\/?p=25619","title":{"rendered":"Vali Yi\u011fitba\u015f\u0131: &#8220;Kamu kurumlar\u0131m\u0131z millete hizmet i\u00e7in gayret ve samimiyetle \u00e7al\u0131\u015f\u0131yor&#8221;"},"content":{"rendered":"<p>Afyonkarahisar Valisi Do\u00e7. Dr. K\u00fcbra G\u00fcran Yi\u011fitba\u015f\u0131, kamu kurumlar\u0131n\u0131n millete hizmet i\u00e7in gayret ve samimiyetle \u00e7al\u0131\u015ft\u0131\u011f\u0131n\u0131 ifade etti.<br \/>\n<br \/>Vali Yi\u011fitba\u015f\u0131, merkez ve merkeze ba\u011fl\u0131 k\u00f6y ve belde muhtarlar\u0131n\u0131n yo\u011fun kat\u0131l\u0131m\u0131yla d\u00fczenlenen iftar program\u0131na kat\u0131ld\u0131. Ger\u00e7ekle\u015ftirilen etkinlikte konu\u015fan Vali Yi\u011fitba\u015f\u0131, &#8220;Devletimiz ve kamu kurumlar\u0131m\u0131z\u0131n Aziz milletimize hizmet i\u00e7in gayret ve samimiyetle \u00e7al\u0131\u015f\u0131yor. Devletimiz payidar, milletimiz bahtiyar olsun&#8221; dedi.<br \/>\n<br \/>Vali Yi\u011fitba\u015f\u0131, dernek ba\u015fkanlar\u0131n\u0131 ve muhtarlar\u0131 da dinleyerek talep ve de\u011ferlendirmeleri hakk\u0131nda \u00e7al\u0131\u015f\u0131lmas\u0131 i\u00e7in birimlere talimat verdi.<br \/>\n<br \/>\u0130ftar program\u0131na ayr\u0131ca Vali Yard\u0131mc\u0131s\u0131 Mehmet Keklik, \u0130l Emniyet M\u00fcd\u00fcr\u00fc Ahmet Birtan Erol, \u0130l Jandarma Komutan Vekili Jandarma Albay Adnan \u00c7elebi\u2019de kat\u0131ld\u0131.<br \/><\/p>\n","protected":false},"excerpt":{"rendered":"<p>Afyonkarahisar Valisi Do\u00e7. Dr. K\u00fcbra G\u00fcran Yi\u011fitba\u015f\u0131, kamu kurumlar\u0131n\u0131n millete hizmet i\u00e7in gayret ve samimiyetle \u00e7al\u0131\u015ft\u0131\u011f\u0131n\u0131 ifade etti. Vali Yi\u011fitba\u015f\u0131, merkez ve merkeze ba\u011fl\u0131 k\u00f6y ve belde muhtarlar\u0131n\u0131n yo\u011fun kat\u0131l\u0131m\u0131yla d\u00fczenlenen iftar program\u0131na kat\u0131ld\u0131. Ger\u00e7ekle\u015ftirilen etkinlikte konu\u015fan Vali Yi\u011fitba\u015f\u0131, &#8220;Devletimiz ve kamu kurumlar\u0131m\u0131z\u0131n Aziz milletimize hizmet i\u00e7in gayret ve samimiyetle \u00e7al\u0131\u015f\u0131yor. Devletimiz payidar, milletimiz bahtiyar&#8230;<\/p>\n","protected":false},"author":1,"featured_media":25620,"comment_status":"open","ping_status":"open","sticky":false,"template":"","format":"standard","meta":{"_crdt_document":"","footnotes":""},"categories":[1],"tags":[],"class_list":["post-25619","post","type-post","status-publish","format-standard","has-post-thumbnail","hentry","category-guncel"],"_links":{"self":[{"href":"https:\/\/www.egemtv.com\/index.php?rest_route=\/wp\/v2\/posts\/25619","targetHints":{"allow":["GET"]}}],"collection":[{"href":"https:\/\/www.egemtv.com\/index.php?rest_route=\/wp\/v2\/posts"}],"about":[{"href":"https:\/\/www.egemtv.com\/index.php?rest_route=\/wp\/v2\/types\/post"}],"author":[{"embeddable":true,"href":"https:\/\/www.egemtv.com\/index.php?rest_route=\/wp\/v2\/users\/1"}],"replies":[{"embeddable":true,"href":"https:\/\/www.egemtv.com\/index.php?rest_route=%2Fwp%2Fv2%2Fcomments&post=25619"}],"version-history":[{"count":1,"href":"https:\/\/www.egemtv.com\/index.php?rest_route=\/wp\/v2\/posts\/25619\/revisions"}],"predecessor-version":[{"id":25621,"href":"https:\/\/www.egemtv.com\/index.php?rest_route=\/wp\/v2\/posts\/25619\/revisions\/25621"}],"wp:featuredmedia":[{"embeddable":true,"href":"https:\/\/www.egemtv.com\/index.php?rest_route=\/wp\/v2\/media\/25620"}],"wp:attachment":[{"href":"https:\/\/www.egemtv.com\/index.php?rest_route=%2Fwp%2Fv2%2Fmedia&parent=25619"}],"wp:term":[{"taxonomy":"category","embeddable":true,"href":"https:\/\/www.egemtv.com\/index.php?rest_route=%2Fwp%2Fv2%2Fcategories&post=25619"},{"taxonomy":"post_tag","embeddable":true,"href":"https:\/\/www.egemtv.com\/index.php?rest_route=%2Fwp%2Fv2%2Ftags&post=25619"}],"curies":[{"name":"wp","href":"https:\/\/api.w.org\/{rel}","templated":true}]}}