{"id":25616,"date":"2025-03-21T11:47:47","date_gmt":"2025-03-21T08:47:47","guid":{"rendered":"https:\/\/www.egemtv.com\/?p=25616"},"modified":"2025-03-21T11:47:50","modified_gmt":"2025-03-21T08:47:50","slug":"manisali-oryantiring-sporcularindan-6-madalya","status":"publish","type":"post","link":"https:\/\/www.egemtv.com\/?p=25616","title":{"rendered":"Manisal\u0131 Oryantiring Sporcular\u0131ndan 6 madalya"},"content":{"rendered":"<p>Gen\u00e7lik ve Spor Bakanl\u0131\u011f\u0131 taraf\u0131ndan U\u015fak\u2019ta d\u00fczenlenen Okul Sporlar\u0131 K\u00fc\u00e7\u00fckler ve Y\u0131ld\u0131zlar Oryantiring Grup Birincili\u011fi Yar\u0131\u015fmalar\u0131nda Manisal\u0131 sporcular \u00fcst\u00fcn performans sergileyerek toplamda 6 madalya kazand\u0131.<br \/>\n<br \/>14 ilden 361 sporcunun kat\u0131ld\u0131\u011f\u0131 yar\u0131\u015fmalarda Manisa\u2019y\u0131 6 tak\u0131m temsil etti. Sporcular tak\u0131m ve bireysel kategorilerde g\u00f6sterdikleri \u00fcst\u00fcn performansla g\u00f6z doldurdu.<br \/>\n<br \/>Yar\u0131\u015fmalarda K\u00fc\u00e7\u00fck Erkekler tak\u0131m kategorisinde Demirci Fatih Ortaokulu birinci oldu. Y\u0131ld\u0131z K\u0131zlar tak\u0131m kategorisinde Demirci Fatih Ortaokulu ikinci, Soma Alt\u0131nta\u015f Ortaokulu ise \u00fc\u00e7\u00fcnc\u00fc s\u0131rada yer ald\u0131. Y\u0131ld\u0131z Erkekler tak\u0131m kategorisinde ise Soma Alt\u0131nta\u015f Ortaokulu \u00fc\u00e7\u00fcnc\u00fcl\u00fc\u011f\u00fc elde etti.<br \/>\n<br \/>K\u00fc\u00e7\u00fck K\u0131zlar bireysel yar\u0131\u015flar\u0131nda Demirci Fatih Ortaokulu \u00f6\u011frencisi Elif Ece Korkmaz  birinci oldu. K\u00fc\u00e7\u00fck Erkekler bireysel yar\u0131\u015flar\u0131nda yine Demirci Fatih Ortaokulu \u00f6\u011frencisi Necati Tu\u011fra G\u00f6kkaya \u00fc\u00e7\u00fcnc\u00fc s\u0131rada yer ald\u0131. Y\u0131ld\u0131z K\u0131zlar bireysel yar\u0131\u015flar\u0131nda Demirci Ziya G\u00f6kalp Nurettin Kelem Ortaokulu \u00f6\u011frencisi Zeynep Sena \u00d6zkara birincilik, Demirci Fatih Ortaokulu \u00f6\u011frencisi Medinenur G\u00f6kcan ise \u00fc\u00e7\u00fcnc\u00fcl\u00fck elde etti. Y\u0131ld\u0131z Erkekler bireysel yar\u0131\u015flar\u0131nda Soma Alt\u0131nta\u015f Ortaokulu \u00f6\u011frencisi Or\u00e7un K\u0131l\u0131n\u00e7 ikinci, Soma Necip Faz\u0131l K\u0131sak\u00fcrek Ortaokulu \u00f6\u011frencisi Semih Bozbay ise \u00fc\u00e7\u00fcnc\u00fc oldu.<br \/>\n<br \/>Bu sonu\u00e7larla Manisa\u2019dan 4 tak\u0131m ve 3 bireysel sporcu, 15 May\u0131s 2025\u2019te Ankara\u2019da d\u00fczenlenecek T\u00fcrkiye Birincili\u011fi Yar\u0131\u015fmalar\u0131nda m\u00fccadele etmeye hak kazand\u0131.<br \/>\n<br \/>Manisa Gen\u00e7lik ve Spor \u0130l M\u00fcd\u00fcr\u00fc Yunus \u00d6zt\u00fcrk, sporcular\u0131 ve antren\u00f6rleri tebrik ederek, T\u00fcrkiye Finalleri\u2019nde ba\u015far\u0131lar diledi. \u00d6zt\u00fcrk, Manisal\u0131 sporcular\u0131n disiplinli \u00e7al\u0131\u015fmalar\u0131yla b\u00fcy\u00fck bir azim g\u00f6sterdi\u011fini ve T\u00fcrkiye \u015eampiyonas\u0131\u2019nda da \u00f6nemli dereceler elde edeceklerine inand\u0131\u011f\u0131n\u0131 belirtti.<br \/><\/p>\n","protected":false},"excerpt":{"rendered":"<p>Gen\u00e7lik ve Spor Bakanl\u0131\u011f\u0131 taraf\u0131ndan U\u015fak\u2019ta d\u00fczenlenen Okul Sporlar\u0131 K\u00fc\u00e7\u00fckler ve Y\u0131ld\u0131zlar Oryantiring Grup Birincili\u011fi Yar\u0131\u015fmalar\u0131nda Manisal\u0131 sporcular \u00fcst\u00fcn performans sergileyerek toplamda 6 madalya kazand\u0131. 14 ilden 361 sporcunun kat\u0131ld\u0131\u011f\u0131 yar\u0131\u015fmalarda Manisa\u2019y\u0131 6 tak\u0131m temsil etti. Sporcular tak\u0131m ve bireysel kategorilerde g\u00f6sterdikleri \u00fcst\u00fcn performansla g\u00f6z doldurdu. Yar\u0131\u015fmalarda K\u00fc\u00e7\u00fck Erkekler tak\u0131m kategorisinde Demirci Fatih Ortaokulu birinci&#8230;<\/p>\n","protected":false},"author":1,"featured_media":25617,"comment_status":"open","ping_status":"open","sticky":false,"template":"","format":"standard","meta":{"_crdt_document":"","footnotes":""},"categories":[4],"tags":[],"class_list":["post-25616","post","type-post","status-publish","format-standard","has-post-thumbnail","hentry","category-spor"],"_links":{"self":[{"href":"https:\/\/www.egemtv.com\/index.php?rest_route=\/wp\/v2\/posts\/25616","targetHints":{"allow":["GET"]}}],"collection":[{"href":"https:\/\/www.egemtv.com\/index.php?rest_route=\/wp\/v2\/posts"}],"about":[{"href":"https:\/\/www.egemtv.com\/index.php?rest_route=\/wp\/v2\/types\/post"}],"author":[{"embeddable":true,"href":"https:\/\/www.egemtv.com\/index.php?rest_route=\/wp\/v2\/users\/1"}],"replies":[{"embeddable":true,"href":"https:\/\/www.egemtv.com\/index.php?rest_route=%2Fwp%2Fv2%2Fcomments&post=25616"}],"version-history":[{"count":1,"href":"https:\/\/www.egemtv.com\/index.php?rest_route=\/wp\/v2\/posts\/25616\/revisions"}],"predecessor-version":[{"id":25618,"href":"https:\/\/www.egemtv.com\/index.php?rest_route=\/wp\/v2\/posts\/25616\/revisions\/25618"}],"wp:featuredmedia":[{"embeddable":true,"href":"https:\/\/www.egemtv.com\/index.php?rest_route=\/wp\/v2\/media\/25617"}],"wp:attachment":[{"href":"https:\/\/www.egemtv.com\/index.php?rest_route=%2Fwp%2Fv2%2Fmedia&parent=25616"}],"wp:term":[{"taxonomy":"category","embeddable":true,"href":"https:\/\/www.egemtv.com\/index.php?rest_route=%2Fwp%2Fv2%2Fcategories&post=25616"},{"taxonomy":"post_tag","embeddable":true,"href":"https:\/\/www.egemtv.com\/index.php?rest_route=%2Fwp%2Fv2%2Ftags&post=25616"}],"curies":[{"name":"wp","href":"https:\/\/api.w.org\/{rel}","templated":true}]}}