{"id":25613,"date":"2025-03-21T11:21:56","date_gmt":"2025-03-21T08:21:56","guid":{"rendered":"https:\/\/www.egemtv.com\/?p=25613"},"modified":"2025-03-21T11:22:00","modified_gmt":"2025-03-21T08:22:00","slug":"yunusemrenin-amator-spora-destegi-devam-ediyor","status":"publish","type":"post","link":"https:\/\/www.egemtv.com\/?p=25613","title":{"rendered":"Yunusemre\u2019nin amat\u00f6r spora deste\u011fi devam ediyor"},"content":{"rendered":"<p>Yunusemre Belediyespor, il\u00e7ede faaliyet g\u00f6steren amat\u00f6r spor kul\u00fcplerinin ba\u015fkan ve y\u00f6neticilerini iftar yeme\u011finde a\u011f\u0131rlad\u0131. \u0130ftara kat\u0131lan Yunusemre Belediye Ba\u015fkan\u0131 Semih Balaban, amat\u00f6r\u00fcn yan\u0131nda olmaya devam edeceklerini s\u00f6yledi.<br \/>\n<br \/>Yunusemre Belediyespor, amat\u00f6r spor kul\u00fcplerini iftar yeme\u011finde a\u011f\u0131rlad\u0131. Yunuspark\u2019taki organizasyona kat\u0131lan Yunusemre Belediye Ba\u015fkan\u0131 Semih Balaban, amat\u00f6r kul\u00fcplerin ba\u015fkan ve y\u00f6neticilerine g\u00f6sterdikleri \u00f6zveri ve fedakarl\u0131ktan \u00f6t\u00fcr\u00fc te\u015fekk\u00fcr etti. Ba\u015fkan Balaban konu\u015fmas\u0131nda amat\u00f6r kul\u00fcplerin sporun temel ta\u015f\u0131 oldu\u011funu kaydederek, &#8220;Amat\u00f6r kul\u00fcplerimizin ba\u015fkanlar\u0131, y\u00f6neticileri ve antren\u00f6rleri, gen\u00e7lerin elinden tutan, gen\u00e7leri k\u00f6t\u00fc al\u0131\u015fkanl\u0131klardan kurtaran ve en \u00f6nemlisi yetenekli gen\u00e7leri ke\u015ffedip onlar\u0131n meslek edinmesini ve sporcu olmas\u0131n\u0131 sa\u011flayan k\u0131ymetli insanlard\u0131r. Bizler amat\u00f6r sporun her zaman yan\u0131nda olaca\u011f\u0131z. Bu konuda verdi\u011fimiz s\u00f6zleri tutuyoruz ve tutmaya devam edece\u011fiz. Amat\u00f6re hizmet veren her birey bizler i\u00e7in onur abidesidir. T\u00fcm \u00e7ocuklar\u0131m\u0131za emek veren amat\u00f6r spor payda\u015flar\u0131m\u0131za te\u015fekk\u00fcr ediyorum&#8221; dedi.<br \/>\n<br \/>Yunusemre Belediyespor Ba\u015fkan\u0131 B\u00fclent Kanik ise amat\u00f6r spor kul\u00fcpleri ile i\u015f birli\u011fi i\u00e7erisinde \u00e7al\u0131\u015fmaktan mutluluk duyduklar\u0131n\u0131 belirterek, desteklerinden \u00f6t\u00fcr\u00fc Yunusemre Belediye Ba\u015fkan\u0131 Semih Balaban\u2019a te\u015fekk\u00fcr etti.<br \/>\n<br \/>\u0130ftara Belediye Ba\u015fkan Yard\u0131mc\u0131s\u0131 Hakan G\u00fcrtunca, Belediye Meclis \u00dcyeleri H\u00fcseyin Surel, M\u00fcmin \u015eafak, \u0130smail Ergin, \u00d6zel Kalem M\u00fcd\u00fcr\u00fc Seyit Ali \u00d6zmen, Gen\u00e7lik ve Spor Hizmetleri M\u00fcd\u00fcr\u00fc Tuncay \u00d6zt\u00fcrk, Ar\u015fiv M\u00fcd\u00fcr\u00fc Abdullah Can ve Manisa Amat\u00f6r Spor Kul\u00fcpleri Federasyonu\u2019nu temsilen Lisans \u0130\u015flemleri Sorumlusu Hafize Tavas da kat\u0131ld\u0131.<br \/><\/p>\n","protected":false},"excerpt":{"rendered":"<p>Yunusemre Belediyespor, il\u00e7ede faaliyet g\u00f6steren amat\u00f6r spor kul\u00fcplerinin ba\u015fkan ve y\u00f6neticilerini iftar yeme\u011finde a\u011f\u0131rlad\u0131. \u0130ftara kat\u0131lan Yunusemre Belediye Ba\u015fkan\u0131 Semih Balaban, amat\u00f6r\u00fcn yan\u0131nda olmaya devam edeceklerini s\u00f6yledi. Yunusemre Belediyespor, amat\u00f6r spor kul\u00fcplerini iftar yeme\u011finde a\u011f\u0131rlad\u0131. Yunuspark\u2019taki organizasyona kat\u0131lan Yunusemre Belediye Ba\u015fkan\u0131 Semih Balaban, amat\u00f6r kul\u00fcplerin ba\u015fkan ve y\u00f6neticilerine g\u00f6sterdikleri \u00f6zveri ve fedakarl\u0131ktan \u00f6t\u00fcr\u00fc te\u015fekk\u00fcr etti&#8230;.<\/p>\n","protected":false},"author":1,"featured_media":25614,"comment_status":"open","ping_status":"open","sticky":false,"template":"","format":"standard","meta":{"_crdt_document":"","footnotes":""},"categories":[4],"tags":[],"class_list":["post-25613","post","type-post","status-publish","format-standard","has-post-thumbnail","hentry","category-spor"],"_links":{"self":[{"href":"https:\/\/www.egemtv.com\/index.php?rest_route=\/wp\/v2\/posts\/25613","targetHints":{"allow":["GET"]}}],"collection":[{"href":"https:\/\/www.egemtv.com\/index.php?rest_route=\/wp\/v2\/posts"}],"about":[{"href":"https:\/\/www.egemtv.com\/index.php?rest_route=\/wp\/v2\/types\/post"}],"author":[{"embeddable":true,"href":"https:\/\/www.egemtv.com\/index.php?rest_route=\/wp\/v2\/users\/1"}],"replies":[{"embeddable":true,"href":"https:\/\/www.egemtv.com\/index.php?rest_route=%2Fwp%2Fv2%2Fcomments&post=25613"}],"version-history":[{"count":1,"href":"https:\/\/www.egemtv.com\/index.php?rest_route=\/wp\/v2\/posts\/25613\/revisions"}],"predecessor-version":[{"id":25615,"href":"https:\/\/www.egemtv.com\/index.php?rest_route=\/wp\/v2\/posts\/25613\/revisions\/25615"}],"wp:featuredmedia":[{"embeddable":true,"href":"https:\/\/www.egemtv.com\/index.php?rest_route=\/wp\/v2\/media\/25614"}],"wp:attachment":[{"href":"https:\/\/www.egemtv.com\/index.php?rest_route=%2Fwp%2Fv2%2Fmedia&parent=25613"}],"wp:term":[{"taxonomy":"category","embeddable":true,"href":"https:\/\/www.egemtv.com\/index.php?rest_route=%2Fwp%2Fv2%2Fcategories&post=25613"},{"taxonomy":"post_tag","embeddable":true,"href":"https:\/\/www.egemtv.com\/index.php?rest_route=%2Fwp%2Fv2%2Ftags&post=25613"}],"curies":[{"name":"wp","href":"https:\/\/api.w.org\/{rel}","templated":true}]}}