{"id":25610,"date":"2025-03-21T11:21:51","date_gmt":"2025-03-21T08:21:51","guid":{"rendered":"https:\/\/www.egemtv.com\/?p=25610"},"modified":"2025-03-21T11:21:56","modified_gmt":"2025-03-21T08:21:56","slug":"otoyolda-havadan-trafik-denetimi","status":"publish","type":"post","link":"https:\/\/www.egemtv.com\/?p=25610","title":{"rendered":"Otoyolda havadan trafik denetimi"},"content":{"rendered":"<p>Ayd\u0131n \u0130l Jandarma Komutanl\u0131\u011f\u0131 ekipleri taraf\u0131ndan havadan yap\u0131lan trafik denetimlerinde 11 s\u00fcr\u00fcc\u00fcye 49 bin 712 lira trafik cezas\u0131 uyguland\u0131.<br \/>\n<br \/>Ayd\u0131n \u0130l Jandarma Komutanl\u0131\u011f\u0131 Trafik \u015eube M\u00fcd\u00fcrl\u00fc\u011f\u00fc, Otoyol Komutanl\u0131\u011f\u0131 Teknik \u0130nceleme Timi \u0130zmir Ayd\u0131n Otoyolu Germencik gi\u015felerinde yol kontrol noktas\u0131nda m\u00fc\u015fterek Mikro \u0130HA ile havadan Trafik Denetimi icra edildi. Denetimlerde 515 ara\u00e7\/\u015fah\u0131s kontrol edildi. 11 s\u00fcr\u00fcc\u00fcye i\u015flem yap\u0131larak 49 bin 712 TL trafik cezas\u0131 uygulan\u0131rken, 7 ara\u00e7 trafikten men edildi ve 1 ara\u00e7 yakaland\u0131.<br \/><\/p>\n","protected":false},"excerpt":{"rendered":"<p>Ayd\u0131n \u0130l Jandarma Komutanl\u0131\u011f\u0131 ekipleri taraf\u0131ndan havadan yap\u0131lan trafik denetimlerinde 11 s\u00fcr\u00fcc\u00fcye 49 bin 712 lira trafik cezas\u0131 uyguland\u0131. Ayd\u0131n \u0130l Jandarma Komutanl\u0131\u011f\u0131 Trafik \u015eube M\u00fcd\u00fcrl\u00fc\u011f\u00fc, Otoyol Komutanl\u0131\u011f\u0131 Teknik \u0130nceleme Timi \u0130zmir Ayd\u0131n Otoyolu Germencik gi\u015felerinde yol kontrol noktas\u0131nda m\u00fc\u015fterek Mikro \u0130HA ile havadan Trafik Denetimi icra edildi. Denetimlerde 515 ara\u00e7\/\u015fah\u0131s kontrol edildi. 11 s\u00fcr\u00fcc\u00fcye&#8230;<\/p>\n","protected":false},"author":1,"featured_media":25611,"comment_status":"open","ping_status":"open","sticky":false,"template":"","format":"standard","meta":{"_crdt_document":"","footnotes":""},"categories":[5],"tags":[],"class_list":["post-25610","post","type-post","status-publish","format-standard","has-post-thumbnail","hentry","category-asayis"],"_links":{"self":[{"href":"https:\/\/www.egemtv.com\/index.php?rest_route=\/wp\/v2\/posts\/25610","targetHints":{"allow":["GET"]}}],"collection":[{"href":"https:\/\/www.egemtv.com\/index.php?rest_route=\/wp\/v2\/posts"}],"about":[{"href":"https:\/\/www.egemtv.com\/index.php?rest_route=\/wp\/v2\/types\/post"}],"author":[{"embeddable":true,"href":"https:\/\/www.egemtv.com\/index.php?rest_route=\/wp\/v2\/users\/1"}],"replies":[{"embeddable":true,"href":"https:\/\/www.egemtv.com\/index.php?rest_route=%2Fwp%2Fv2%2Fcomments&post=25610"}],"version-history":[{"count":1,"href":"https:\/\/www.egemtv.com\/index.php?rest_route=\/wp\/v2\/posts\/25610\/revisions"}],"predecessor-version":[{"id":25612,"href":"https:\/\/www.egemtv.com\/index.php?rest_route=\/wp\/v2\/posts\/25610\/revisions\/25612"}],"wp:featuredmedia":[{"embeddable":true,"href":"https:\/\/www.egemtv.com\/index.php?rest_route=\/wp\/v2\/media\/25611"}],"wp:attachment":[{"href":"https:\/\/www.egemtv.com\/index.php?rest_route=%2Fwp%2Fv2%2Fmedia&parent=25610"}],"wp:term":[{"taxonomy":"category","embeddable":true,"href":"https:\/\/www.egemtv.com\/index.php?rest_route=%2Fwp%2Fv2%2Fcategories&post=25610"},{"taxonomy":"post_tag","embeddable":true,"href":"https:\/\/www.egemtv.com\/index.php?rest_route=%2Fwp%2Fv2%2Ftags&post=25610"}],"curies":[{"name":"wp","href":"https:\/\/api.w.org\/{rel}","templated":true}]}}