{"id":25607,"date":"2025-03-21T11:21:46","date_gmt":"2025-03-21T08:21:46","guid":{"rendered":"https:\/\/www.egemtv.com\/?p=25607"},"modified":"2025-03-21T11:21:51","modified_gmt":"2025-03-21T08:21:51","slug":"usakta-osmanli-ve-roma-donemlerine-ait-232-adet-sikke-yakalandi","status":"publish","type":"post","link":"https:\/\/www.egemtv.com\/?p=25607","title":{"rendered":"U\u015fak\u2019ta Osmanl\u0131 ve Roma d\u00f6nemlerine ait 232 adet sikke yakaland\u0131"},"content":{"rendered":"<p>U\u015eAK (\u0130HA) \u2013 U\u015fak\u2019\u0131n Banaz il\u00e7esinde jandarma ekipleri taraf\u0131ndan d\u00fczenlenen operasyonda Osmanl\u0131 ve Roma d\u00f6nemlerine ait 232 adet sikke ele ge\u00e7irildi.<\/p>\n<p>Edinilen bilgilere g\u00f6re; U\u015fak \u0130l Jandarma Komutanl\u0131\u011f\u0131 ekiplerinde tarihi eser ka\u00e7ak\u00e7\u0131l\u0131\u011f\u0131n\u0131n \u00f6nlenmesine y\u00f6nelik olarak ger\u00e7ekle\u015ftirilen \u00e7al\u0131\u015fmalarda, Banaz il\u00e7esinde ikamet eden R.G.\u2019nin elinde bulundurdu\u011fu tarihi eserleri satmaya \u00e7al\u0131\u015ft\u0131\u011f\u0131 bilgisine ula\u015f\u0131ld\u0131. \u015e\u00fcphelinin yakalanmas\u0131 amac\u0131yla  Banaz Cumhuriyet Ba\u015fsavc\u0131l\u0131\u011f\u0131 koordinesinde yap\u0131lan istihbari \u00e7al\u0131\u015fmalar\u0131n ard\u0131ndan operasyon i\u00e7in d\u00fc\u011fmeye bas\u0131ld\u0131.<\/p>\n<p>Jandarma ekipleri taraf\u0131ndan d\u00fczenlenen operasyonda, elinde bulunan tarihi eserleri satmaya \u00e7al\u0131\u015ft\u0131\u011f\u0131 tespit edilen R.G. g\u00f6zalt\u0131na al\u0131nd\u0131. \u015e\u00fcphelinin evinde yap\u0131lan aramalarda 232 adet Osmanl\u0131 ve Roma d\u00f6nemlerine ait oldu\u011fu de\u011ferlendirilen sikke ve 1 adet ruhsats\u0131z av t\u00fcfe\u011fi ele ge\u00e7irildi. Ele ge\u00e7irilen tarihi objeler U\u015fak M\u00fcze M\u00fcd\u00fcrl\u00fc\u011f\u00fcne teslim edilirken, g\u00f6zalt\u0131na al\u0131nan \u015f\u00fcpheli hakk\u0131nda adli i\u015flemlere ba\u015fland\u0131.<br \/><\/p>\n","protected":false},"excerpt":{"rendered":"<p>U\u015eAK (\u0130HA) \u2013 U\u015fak\u2019\u0131n Banaz il\u00e7esinde jandarma ekipleri taraf\u0131ndan d\u00fczenlenen operasyonda Osmanl\u0131 ve Roma d\u00f6nemlerine ait 232 adet sikke ele ge\u00e7irildi. Edinilen bilgilere g\u00f6re; U\u015fak \u0130l Jandarma Komutanl\u0131\u011f\u0131 ekiplerinde tarihi eser ka\u00e7ak\u00e7\u0131l\u0131\u011f\u0131n\u0131n \u00f6nlenmesine y\u00f6nelik olarak ger\u00e7ekle\u015ftirilen \u00e7al\u0131\u015fmalarda, Banaz il\u00e7esinde ikamet eden R.G.\u2019nin elinde bulundurdu\u011fu tarihi eserleri satmaya \u00e7al\u0131\u015ft\u0131\u011f\u0131 bilgisine ula\u015f\u0131ld\u0131. \u015e\u00fcphelinin yakalanmas\u0131 amac\u0131yla Banaz Cumhuriyet&#8230;<\/p>\n","protected":false},"author":1,"featured_media":25608,"comment_status":"open","ping_status":"open","sticky":false,"template":"","format":"standard","meta":{"_crdt_document":"","footnotes":""},"categories":[5],"tags":[],"class_list":["post-25607","post","type-post","status-publish","format-standard","has-post-thumbnail","hentry","category-asayis"],"_links":{"self":[{"href":"https:\/\/www.egemtv.com\/index.php?rest_route=\/wp\/v2\/posts\/25607","targetHints":{"allow":["GET"]}}],"collection":[{"href":"https:\/\/www.egemtv.com\/index.php?rest_route=\/wp\/v2\/posts"}],"about":[{"href":"https:\/\/www.egemtv.com\/index.php?rest_route=\/wp\/v2\/types\/post"}],"author":[{"embeddable":true,"href":"https:\/\/www.egemtv.com\/index.php?rest_route=\/wp\/v2\/users\/1"}],"replies":[{"embeddable":true,"href":"https:\/\/www.egemtv.com\/index.php?rest_route=%2Fwp%2Fv2%2Fcomments&post=25607"}],"version-history":[{"count":1,"href":"https:\/\/www.egemtv.com\/index.php?rest_route=\/wp\/v2\/posts\/25607\/revisions"}],"predecessor-version":[{"id":25609,"href":"https:\/\/www.egemtv.com\/index.php?rest_route=\/wp\/v2\/posts\/25607\/revisions\/25609"}],"wp:featuredmedia":[{"embeddable":true,"href":"https:\/\/www.egemtv.com\/index.php?rest_route=\/wp\/v2\/media\/25608"}],"wp:attachment":[{"href":"https:\/\/www.egemtv.com\/index.php?rest_route=%2Fwp%2Fv2%2Fmedia&parent=25607"}],"wp:term":[{"taxonomy":"category","embeddable":true,"href":"https:\/\/www.egemtv.com\/index.php?rest_route=%2Fwp%2Fv2%2Fcategories&post=25607"},{"taxonomy":"post_tag","embeddable":true,"href":"https:\/\/www.egemtv.com\/index.php?rest_route=%2Fwp%2Fv2%2Ftags&post=25607"}],"curies":[{"name":"wp","href":"https:\/\/api.w.org\/{rel}","templated":true}]}}