{"id":25604,"date":"2025-03-21T11:02:12","date_gmt":"2025-03-21T08:02:12","guid":{"rendered":"https:\/\/www.egemtv.com\/?p=25604"},"modified":"2025-03-21T11:02:16","modified_gmt":"2025-03-21T08:02:16","slug":"aydin-lisesi-ogrencilerinden-3-derece","status":"publish","type":"post","link":"https:\/\/www.egemtv.com\/?p=25604","title":{"rendered":"Ayd\u0131n Lisesi \u00f6\u011frencilerinden 3 derece"},"content":{"rendered":"<p>Ayd\u0131n\u2019\u0131n Efeler il\u00e7esinde d\u00fczenlen Bireysel \u00c7alg\u0131 Performans\u0131 ve Ses Yar\u0131\u015fmas\u0131\u2019nda Ayd\u0131n Lisesi \u00f6\u011frencileri performanslar\u0131yla dikkat \u00e7ekti.<\/p>\n<p>Efeler \u0130l\u00e7e Milli E\u011fitim M\u00fcd\u00fcrl\u00fc\u011f\u00fc taraf\u0131ndan ilkokul, ortaokul ve lise d\u00fczeylerinde m\u00fczik bilincinin geli\u015fmesini, yayg\u0131nla\u015fmas\u0131n\u0131 sa\u011flamak, okullarda s\u00fcrd\u00fcr\u00fclen m\u00fczik \u00e7al\u0131\u015fmalar\u0131n\u0131 desteklemek, gen\u00e7ler aras\u0131nda sevgi ve dostluk ba\u011flar\u0131n\u0131 g\u00fc\u00e7lendirmek hedefiyle Bireysel \u00c7alg\u0131 Performans\u0131 ve Ses Yar\u0131\u015fmas\u0131 ger\u00e7ekle\u015ftirildi. Yar\u0131\u015fmaya Efeler genelinde \u00e7ok say\u0131da \u00f6\u011frenci kat\u0131l\u0131rken, \u00f6\u011frencilerin birbirinden g\u00fczel performanslar\u0131 da renkli g\u00f6r\u00fcnt\u00fclere sahne oldu. \u0130lk etapta okullar d\u00fczeyinde yap\u0131lan ve okul birincisi olan \u00f6\u011frenciler il\u00e7e genelinde yap\u0131lan final yar\u0131\u015fmas\u0131nda en iyi performanslar\u0131n\u0131 sergiledi. Yar\u0131\u015fmaya kat\u0131lan Ayd\u0131n Lisesi \u00f6\u011frencileri de ba\u015far\u0131lar\u0131yla dikkat \u00e7ekti. Yar\u0131\u015fmada Emre Yu\u011frucu \u00dcflemeli \u00c7alg\u0131 kategorisinde il\u00e7e birincisi, Z\u00fcbeyde Bade Mersin Yayl\u0131 \u00c7alg\u0131 kategorisinde il\u00e7e \u00fc\u00e7\u00fcnc\u00fcs\u00fc ve Kerem Murato\u011flu da Ses Yar\u0131\u015fmas\u0131 kategorisinde il\u00e7e \u00fc\u00e7\u00fcnc\u00fcs\u00fc oldu.<\/p>\n<p>Konu ile ilgili a\u00e7\u0131klama yapan Ayd\u0131n Lisesi okul y\u00f6netimi, yar\u0131\u015fmadaki ba\u015far\u0131lar\u0131ndan dolay\u0131 \u00f6\u011frencilerini tebrik ederek a\u00e7\u0131klamas\u0131nda &#8220;Efeler \u0130l\u00e7e MEM taraf\u0131ndan d\u00fczenlenen Bireysel \u00c7alg\u0131 Performans\u0131 ve Ses yar\u0131\u015fmas\u0131nda, \u00f6\u011frencimiz Emre Yu\u011frucu \u00dcflemeli \u00c7alg\u0131 kategorisinde \u0130l\u00e7e 1.\u2019si, \u00f6\u011frencimiz Z\u00fcbeyde Bade Mersin Yayl\u0131 \u00c7alg\u0131 kategorisinde \u0130l\u00e7e 3.\u2019s\u00fc ve \u00f6\u011frencimiz Kerem Murato\u011flu Ses yar\u0131\u015fmas\u0131 kategorisinde \u0130l\u00e7e 3.\u2019s\u00fc olmu\u015ftur. Ayd\u0131n Lisesi Ailesi olarak \u00f6\u011frencilerimizi tebrik ederiz&#8221; ifadeleri yer ald\u0131.<br \/><\/p>\n","protected":false},"excerpt":{"rendered":"<p>Ayd\u0131n\u2019\u0131n Efeler il\u00e7esinde d\u00fczenlen Bireysel \u00c7alg\u0131 Performans\u0131 ve Ses Yar\u0131\u015fmas\u0131\u2019nda Ayd\u0131n Lisesi \u00f6\u011frencileri performanslar\u0131yla dikkat \u00e7ekti. Efeler \u0130l\u00e7e Milli E\u011fitim M\u00fcd\u00fcrl\u00fc\u011f\u00fc taraf\u0131ndan ilkokul, ortaokul ve lise d\u00fczeylerinde m\u00fczik bilincinin geli\u015fmesini, yayg\u0131nla\u015fmas\u0131n\u0131 sa\u011flamak, okullarda s\u00fcrd\u00fcr\u00fclen m\u00fczik \u00e7al\u0131\u015fmalar\u0131n\u0131 desteklemek, gen\u00e7ler aras\u0131nda sevgi ve dostluk ba\u011flar\u0131n\u0131 g\u00fc\u00e7lendirmek hedefiyle Bireysel \u00c7alg\u0131 Performans\u0131 ve Ses Yar\u0131\u015fmas\u0131 ger\u00e7ekle\u015ftirildi. Yar\u0131\u015fmaya Efeler genelinde&#8230;<\/p>\n","protected":false},"author":1,"featured_media":25605,"comment_status":"open","ping_status":"open","sticky":false,"template":"","format":"standard","meta":{"_crdt_document":"","footnotes":""},"categories":[1],"tags":[],"class_list":["post-25604","post","type-post","status-publish","format-standard","has-post-thumbnail","hentry","category-guncel"],"_links":{"self":[{"href":"https:\/\/www.egemtv.com\/index.php?rest_route=\/wp\/v2\/posts\/25604","targetHints":{"allow":["GET"]}}],"collection":[{"href":"https:\/\/www.egemtv.com\/index.php?rest_route=\/wp\/v2\/posts"}],"about":[{"href":"https:\/\/www.egemtv.com\/index.php?rest_route=\/wp\/v2\/types\/post"}],"author":[{"embeddable":true,"href":"https:\/\/www.egemtv.com\/index.php?rest_route=\/wp\/v2\/users\/1"}],"replies":[{"embeddable":true,"href":"https:\/\/www.egemtv.com\/index.php?rest_route=%2Fwp%2Fv2%2Fcomments&post=25604"}],"version-history":[{"count":1,"href":"https:\/\/www.egemtv.com\/index.php?rest_route=\/wp\/v2\/posts\/25604\/revisions"}],"predecessor-version":[{"id":25606,"href":"https:\/\/www.egemtv.com\/index.php?rest_route=\/wp\/v2\/posts\/25604\/revisions\/25606"}],"wp:featuredmedia":[{"embeddable":true,"href":"https:\/\/www.egemtv.com\/index.php?rest_route=\/wp\/v2\/media\/25605"}],"wp:attachment":[{"href":"https:\/\/www.egemtv.com\/index.php?rest_route=%2Fwp%2Fv2%2Fmedia&parent=25604"}],"wp:term":[{"taxonomy":"category","embeddable":true,"href":"https:\/\/www.egemtv.com\/index.php?rest_route=%2Fwp%2Fv2%2Fcategories&post=25604"},{"taxonomy":"post_tag","embeddable":true,"href":"https:\/\/www.egemtv.com\/index.php?rest_route=%2Fwp%2Fv2%2Ftags&post=25604"}],"curies":[{"name":"wp","href":"https:\/\/api.w.org\/{rel}","templated":true}]}}