{"id":25595,"date":"2025-03-21T11:01:57","date_gmt":"2025-03-21T08:01:57","guid":{"rendered":"https:\/\/www.egemtv.com\/?p=25595"},"modified":"2025-03-21T11:02:01","modified_gmt":"2025-03-21T08:02:01","slug":"kutahya-osbye-yeni-cop-kamyonu","status":"publish","type":"post","link":"https:\/\/www.egemtv.com\/?p=25595","title":{"rendered":"K\u00fctahya OSB\u2019ye yeni \u00e7\u00f6p kamyonu"},"content":{"rendered":"<p>K\u00fctahya Organize Sanayi B\u00f6lgesi Y\u00f6netim Kurulu Ba\u015fkanl\u0131\u011f\u0131, hizmet kalitesini art\u0131rmak ve b\u00f6lge genelinde temizlik faaliyetlerini daha etkin hale getirmek amac\u0131yla ara\u00e7 filosunu geni\u015fletmeye devam ediyor.<br \/>\n<br \/>Bu kapsamda, K\u00fctahya OSB\u2019ye 3 bin 691 kilo y\u00fck ta\u015f\u0131ma kapasiteli \u00e7\u00f6p toplama arac\u0131 kazand\u0131r\u0131ld\u0131. Sanayi b\u00f6lgesinde bulunan i\u015fletmelerin d\u00fczenli ve zaman\u0131nda \u00e7\u00f6p toplama ihtiyac\u0131n\u0131 kar\u015f\u0131lamak amac\u0131yla hizmete al\u0131nan ara\u00e7, daha temiz ve sa\u011fl\u0131kl\u0131 bir OSB i\u00e7in \u00f6nemli bir ad\u0131m olarak de\u011ferlendiriliyor. Yeni arac\u0131n devreye al\u0131nmas\u0131yla birlikte at\u0131k toplama s\u00fcre\u00e7lerinin daha h\u0131zl\u0131 ve verimli \u015fekilde y\u00fcr\u00fct\u00fclmesi hedefleniyor. K\u00fctahya Organize Sanayi B\u00f6lgesi Y\u00f6netim Kurulu Ba\u015fkan\u0131 Tolga Eskio\u011flu, konuya ili\u015fkin yapt\u0131\u011f\u0131 a\u00e7\u0131klamada, &#8220;Sanayi b\u00f6lgemizin her alanda daha ya\u015fanabilir, daha temiz ve daha d\u00fczenli olmas\u0131 i\u00e7in \u00e7al\u0131\u015fmalar\u0131m\u0131z\u0131 s\u00fcrd\u00fcr\u00fcyoruz. Yeni hizmet arac\u0131m\u0131zla temizlik faaliyetlerinde h\u0131z ve verimlilik sa\u011flayarak, firmalar\u0131m\u0131za daha kaliteli bir \u00e7al\u0131\u015fma ortam\u0131 sunmay\u0131 ama\u00e7l\u0131yoruz. Yeni \u00e7\u00f6p arac\u0131m\u0131z Sanayi B\u00f6lge\u2019mize hay\u0131rl\u0131 olsun&#8221; ifadelerine yer verdi.<br \/><\/p>\n","protected":false},"excerpt":{"rendered":"<p>K\u00fctahya Organize Sanayi B\u00f6lgesi Y\u00f6netim Kurulu Ba\u015fkanl\u0131\u011f\u0131, hizmet kalitesini art\u0131rmak ve b\u00f6lge genelinde temizlik faaliyetlerini daha etkin hale getirmek amac\u0131yla ara\u00e7 filosunu geni\u015fletmeye devam ediyor. Bu kapsamda, K\u00fctahya OSB\u2019ye 3 bin 691 kilo y\u00fck ta\u015f\u0131ma kapasiteli \u00e7\u00f6p toplama arac\u0131 kazand\u0131r\u0131ld\u0131. Sanayi b\u00f6lgesinde bulunan i\u015fletmelerin d\u00fczenli ve zaman\u0131nda \u00e7\u00f6p toplama ihtiyac\u0131n\u0131 kar\u015f\u0131lamak amac\u0131yla hizmete al\u0131nan ara\u00e7,&#8230;<\/p>\n","protected":false},"author":1,"featured_media":25596,"comment_status":"open","ping_status":"open","sticky":false,"template":"","format":"standard","meta":{"_crdt_document":"","footnotes":""},"categories":[1],"tags":[],"class_list":["post-25595","post","type-post","status-publish","format-standard","has-post-thumbnail","hentry","category-guncel"],"_links":{"self":[{"href":"https:\/\/www.egemtv.com\/index.php?rest_route=\/wp\/v2\/posts\/25595","targetHints":{"allow":["GET"]}}],"collection":[{"href":"https:\/\/www.egemtv.com\/index.php?rest_route=\/wp\/v2\/posts"}],"about":[{"href":"https:\/\/www.egemtv.com\/index.php?rest_route=\/wp\/v2\/types\/post"}],"author":[{"embeddable":true,"href":"https:\/\/www.egemtv.com\/index.php?rest_route=\/wp\/v2\/users\/1"}],"replies":[{"embeddable":true,"href":"https:\/\/www.egemtv.com\/index.php?rest_route=%2Fwp%2Fv2%2Fcomments&post=25595"}],"version-history":[{"count":1,"href":"https:\/\/www.egemtv.com\/index.php?rest_route=\/wp\/v2\/posts\/25595\/revisions"}],"predecessor-version":[{"id":25597,"href":"https:\/\/www.egemtv.com\/index.php?rest_route=\/wp\/v2\/posts\/25595\/revisions\/25597"}],"wp:featuredmedia":[{"embeddable":true,"href":"https:\/\/www.egemtv.com\/index.php?rest_route=\/wp\/v2\/media\/25596"}],"wp:attachment":[{"href":"https:\/\/www.egemtv.com\/index.php?rest_route=%2Fwp%2Fv2%2Fmedia&parent=25595"}],"wp:term":[{"taxonomy":"category","embeddable":true,"href":"https:\/\/www.egemtv.com\/index.php?rest_route=%2Fwp%2Fv2%2Fcategories&post=25595"},{"taxonomy":"post_tag","embeddable":true,"href":"https:\/\/www.egemtv.com\/index.php?rest_route=%2Fwp%2Fv2%2Ftags&post=25595"}],"curies":[{"name":"wp","href":"https:\/\/api.w.org\/{rel}","templated":true}]}}