{"id":25592,"date":"2025-03-21T11:01:52","date_gmt":"2025-03-21T08:01:52","guid":{"rendered":"https:\/\/www.egemtv.com\/?p=25592"},"modified":"2025-03-21T11:01:57","modified_gmt":"2025-03-21T08:01:57","slug":"kutahyada-uyusturucuyla-yakalanan-sahis-tutuklandi","status":"publish","type":"post","link":"https:\/\/www.egemtv.com\/?p=25592","title":{"rendered":"K\u00fctahya\u2019da uyu\u015fturucuyla yakalanan \u015fah\u0131s tutukland\u0131"},"content":{"rendered":"<p>K\u00fctahya\u2019da uygulama noktas\u0131nda arac\u0131nda uyu\u015fturucu ele ge\u00e7irilen ve \u00fczerinde ba\u015fkas\u0131na ait kimlikle yakalanan \u015fah\u0131s tutukland\u0131.<br \/>\n<br \/>\u0130l Emniyet M\u00fcd\u00fcrl\u00fc\u011f\u00fc Narkotik Su\u00e7larla M\u00fccadele \u015eube M\u00fcd\u00fcrl\u00fc\u011f\u00fcnce yap\u0131lan \u00e7al\u0131\u015fmalar \u00e7er\u00e7evesinde uygulama noktas\u0131nda durdurulan ara\u00e7ta ki G.\u00c7., isimli \u015f\u00fcpheli \u015fahs\u0131n yap\u0131lan \u00fcst ve ara\u00e7 aramas\u0131nda 20,76 gram kokain maddesi ele ge\u00e7irildi. \u015e\u00fcpheli \u015fahs\u0131n g\u00f6revlilere ba\u015fkas\u0131na ait olan kimlik kart\u0131n\u0131 ibraz etti\u011fi belirlendi. Ayr\u0131ca \u015f\u00fcpheli \u015fahs\u0131n yap\u0131lan sorgulamas\u0131nda &#8220;Uyu\u015fturucu ve Uyar\u0131c\u0131 Madde \u0130hra\u00e7 Etme&#8221; su\u00e7undan aranmas\u0131 oldu\u011fu tespit edildi.<br \/>\n<br \/>G\u00f6zalt\u0131na \u015f\u00fcpheli emniyetteki i\u015flemlerinin ard\u0131ndan \u00e7\u0131kar\u0131ld\u0131\u011f\u0131 mahkemece tutukland\u0131.<br \/><\/p>\n","protected":false},"excerpt":{"rendered":"<p>K\u00fctahya\u2019da uygulama noktas\u0131nda arac\u0131nda uyu\u015fturucu ele ge\u00e7irilen ve \u00fczerinde ba\u015fkas\u0131na ait kimlikle yakalanan \u015fah\u0131s tutukland\u0131. \u0130l Emniyet M\u00fcd\u00fcrl\u00fc\u011f\u00fc Narkotik Su\u00e7larla M\u00fccadele \u015eube M\u00fcd\u00fcrl\u00fc\u011f\u00fcnce yap\u0131lan \u00e7al\u0131\u015fmalar \u00e7er\u00e7evesinde uygulama noktas\u0131nda durdurulan ara\u00e7ta ki G.\u00c7., isimli \u015f\u00fcpheli \u015fahs\u0131n yap\u0131lan \u00fcst ve ara\u00e7 aramas\u0131nda 20,76 gram kokain maddesi ele ge\u00e7irildi. \u015e\u00fcpheli \u015fahs\u0131n g\u00f6revlilere ba\u015fkas\u0131na ait olan kimlik kart\u0131n\u0131 ibraz&#8230;<\/p>\n","protected":false},"author":1,"featured_media":25593,"comment_status":"open","ping_status":"open","sticky":false,"template":"","format":"standard","meta":{"_crdt_document":"","footnotes":""},"categories":[5],"tags":[],"class_list":["post-25592","post","type-post","status-publish","format-standard","has-post-thumbnail","hentry","category-asayis"],"_links":{"self":[{"href":"https:\/\/www.egemtv.com\/index.php?rest_route=\/wp\/v2\/posts\/25592","targetHints":{"allow":["GET"]}}],"collection":[{"href":"https:\/\/www.egemtv.com\/index.php?rest_route=\/wp\/v2\/posts"}],"about":[{"href":"https:\/\/www.egemtv.com\/index.php?rest_route=\/wp\/v2\/types\/post"}],"author":[{"embeddable":true,"href":"https:\/\/www.egemtv.com\/index.php?rest_route=\/wp\/v2\/users\/1"}],"replies":[{"embeddable":true,"href":"https:\/\/www.egemtv.com\/index.php?rest_route=%2Fwp%2Fv2%2Fcomments&post=25592"}],"version-history":[{"count":1,"href":"https:\/\/www.egemtv.com\/index.php?rest_route=\/wp\/v2\/posts\/25592\/revisions"}],"predecessor-version":[{"id":25594,"href":"https:\/\/www.egemtv.com\/index.php?rest_route=\/wp\/v2\/posts\/25592\/revisions\/25594"}],"wp:featuredmedia":[{"embeddable":true,"href":"https:\/\/www.egemtv.com\/index.php?rest_route=\/wp\/v2\/media\/25593"}],"wp:attachment":[{"href":"https:\/\/www.egemtv.com\/index.php?rest_route=%2Fwp%2Fv2%2Fmedia&parent=25592"}],"wp:term":[{"taxonomy":"category","embeddable":true,"href":"https:\/\/www.egemtv.com\/index.php?rest_route=%2Fwp%2Fv2%2Fcategories&post=25592"},{"taxonomy":"post_tag","embeddable":true,"href":"https:\/\/www.egemtv.com\/index.php?rest_route=%2Fwp%2Fv2%2Ftags&post=25592"}],"curies":[{"name":"wp","href":"https:\/\/api.w.org\/{rel}","templated":true}]}}