{"id":25589,"date":"2025-03-21T10:43:33","date_gmt":"2025-03-21T07:43:33","guid":{"rendered":"https:\/\/www.egemtv.com\/?p=25589"},"modified":"2025-03-21T10:43:38","modified_gmt":"2025-03-21T07:43:38","slug":"ispartada-agabeyini-vurup-kacan-kardes-yakalanarak-gozaltina-alindi","status":"publish","type":"post","link":"https:\/\/www.egemtv.com\/?p=25589","title":{"rendered":"Isparta\u2019da a\u011fabeyini vurup ka\u00e7an karde\u015f yakalanarak g\u00f6zalt\u0131na al\u0131nd\u0131"},"content":{"rendered":"<p>Isparta\u2019da iki karde\u015f aras\u0131nda \u00e7\u0131kan tart\u0131\u015fma silahl\u0131 kavga sonucu yaralanan a\u011fabey ambulansla hastaneye kald\u0131r\u0131l\u0131rken, olay yerinden ka\u00e7an karde\u015f k\u0131sa s\u00fcrede yakalanarak g\u00f6zalt\u0131na al\u0131nd\u0131.<br \/>\n<br \/>Olay, gece saatlerinde H\u0131z\u0131rbey Mahallesi\u2019nde bulunan Kule Park\u2019ta meydana geldi. Edinilen bilgilere g\u00f6re, S.T. isimli \u015fah\u0131s, bilinmeyen bir nedenle a\u011fabeyi Y.S.T. ile tart\u0131\u015fmaya ba\u015flad\u0131. Tart\u0131\u015fman\u0131n b\u00fcy\u00fcmesi \u00fczerine S.T., yan\u0131nda bulundurdu\u011fu silahla a\u011fabeyine ate\u015f edip olay yerinden h\u0131zla uzakla\u015ft\u0131. \u00c7evredekilerin 112 Acil \u00c7a\u011fr\u0131 Merkezi\u2019ne ihbar\u0131 \u00fczerine olay yerine polis ve sa\u011fl\u0131k ekipleri sevk edildi. Yaral\u0131 Y.S.T., sa\u011fl\u0131k ekiplerinin ilk m\u00fcdahalesinin ard\u0131ndan ambulansla hastaneye kald\u0131r\u0131ld\u0131.<\/p>\n<p>Ka\u00e7maya \u00e7al\u0131\u015fan karde\u015f k\u0131sa s\u00fcrede yakaland\u0131<br \/>\n<br \/>Polis ekipleri, olay yerinde yapt\u0131\u011f\u0131 incelemelerde sald\u0131r\u0131y\u0131 ger\u00e7ekle\u015ftiren ki\u015finin S.T. oldu\u011funu tespit etti. Olay\u0131n ard\u0131ndan ka\u00e7maya \u00e7al\u0131\u015fan \u015f\u00fcpheli k\u0131sa s\u00fcrede yakalanarak g\u00f6zalt\u0131na al\u0131nd\u0131. Hastaneye kald\u0131r\u0131lan a\u011fabey Y.S.T\u2019nin ise sa\u011fl\u0131k durumun iyi oldu\u011fu \u00f6\u011frenildi.<br \/><\/p>\n","protected":false},"excerpt":{"rendered":"<p>Isparta\u2019da iki karde\u015f aras\u0131nda \u00e7\u0131kan tart\u0131\u015fma silahl\u0131 kavga sonucu yaralanan a\u011fabey ambulansla hastaneye kald\u0131r\u0131l\u0131rken, olay yerinden ka\u00e7an karde\u015f k\u0131sa s\u00fcrede yakalanarak g\u00f6zalt\u0131na al\u0131nd\u0131. Olay, gece saatlerinde H\u0131z\u0131rbey Mahallesi\u2019nde bulunan Kule Park\u2019ta meydana geldi. Edinilen bilgilere g\u00f6re, S.T. isimli \u015fah\u0131s, bilinmeyen bir nedenle a\u011fabeyi Y.S.T. ile tart\u0131\u015fmaya ba\u015flad\u0131. Tart\u0131\u015fman\u0131n b\u00fcy\u00fcmesi \u00fczerine S.T., yan\u0131nda bulundurdu\u011fu silahla a\u011fabeyine&#8230;<\/p>\n","protected":false},"author":1,"featured_media":25590,"comment_status":"open","ping_status":"open","sticky":false,"template":"","format":"standard","meta":{"_crdt_document":"","footnotes":""},"categories":[5],"tags":[],"class_list":["post-25589","post","type-post","status-publish","format-standard","has-post-thumbnail","hentry","category-asayis"],"_links":{"self":[{"href":"https:\/\/www.egemtv.com\/index.php?rest_route=\/wp\/v2\/posts\/25589","targetHints":{"allow":["GET"]}}],"collection":[{"href":"https:\/\/www.egemtv.com\/index.php?rest_route=\/wp\/v2\/posts"}],"about":[{"href":"https:\/\/www.egemtv.com\/index.php?rest_route=\/wp\/v2\/types\/post"}],"author":[{"embeddable":true,"href":"https:\/\/www.egemtv.com\/index.php?rest_route=\/wp\/v2\/users\/1"}],"replies":[{"embeddable":true,"href":"https:\/\/www.egemtv.com\/index.php?rest_route=%2Fwp%2Fv2%2Fcomments&post=25589"}],"version-history":[{"count":1,"href":"https:\/\/www.egemtv.com\/index.php?rest_route=\/wp\/v2\/posts\/25589\/revisions"}],"predecessor-version":[{"id":25591,"href":"https:\/\/www.egemtv.com\/index.php?rest_route=\/wp\/v2\/posts\/25589\/revisions\/25591"}],"wp:featuredmedia":[{"embeddable":true,"href":"https:\/\/www.egemtv.com\/index.php?rest_route=\/wp\/v2\/media\/25590"}],"wp:attachment":[{"href":"https:\/\/www.egemtv.com\/index.php?rest_route=%2Fwp%2Fv2%2Fmedia&parent=25589"}],"wp:term":[{"taxonomy":"category","embeddable":true,"href":"https:\/\/www.egemtv.com\/index.php?rest_route=%2Fwp%2Fv2%2Fcategories&post=25589"},{"taxonomy":"post_tag","embeddable":true,"href":"https:\/\/www.egemtv.com\/index.php?rest_route=%2Fwp%2Fv2%2Ftags&post=25589"}],"curies":[{"name":"wp","href":"https:\/\/api.w.org\/{rel}","templated":true}]}}