{"id":25586,"date":"2025-03-21T10:43:28","date_gmt":"2025-03-21T07:43:28","guid":{"rendered":"https:\/\/www.egemtv.com\/?p=25586"},"modified":"2025-03-21T10:43:33","modified_gmt":"2025-03-21T07:43:33","slug":"babasini-bicaklayarak-olduren-sahis-tutuklandi","status":"publish","type":"post","link":"https:\/\/www.egemtv.com\/?p=25586","title":{"rendered":"Babas\u0131n\u0131 b\u0131\u00e7aklayarak \u00f6ld\u00fcren \u015fah\u0131s tutukland\u0131"},"content":{"rendered":"<p>Afyonkarahisar\u2019da tart\u0131\u015ft\u0131\u011f\u0131 babas\u0131n\u0131 b\u0131\u00e7aklayarak \u00f6ld\u00fcren gen\u00e7 \u00e7\u0131kar\u0131ld\u0131\u011f\u0131 mahkemece tutuklanarak cezaevine g\u00f6nderildi.<br \/>\n<br \/>Olay, \u015euhut il\u00e7esine ba\u011fl\u0131 Ortap\u0131nar k\u00f6y\u00fcnde meydana geldi. Edinilen bilgilere g\u00f6re, Hakan U., bilinmeyen nedenle babas\u0131 \u00d6nder U. ile tart\u0131\u015ft\u0131. Kavgaya d\u00f6n\u00fc\u015fen olayda Hakan U. babas\u0131n\u0131 b\u0131\u00e7aklad\u0131. Kom\u015fular\u0131n ihbar\u0131 \u00fczerine b\u00f6lgeye jandarma ve sa\u011fl\u0131k ekipleri sevk edildi. Olay yerine gelen ekipler baba \u00d6nder U.\u2019nun \u00f6ld\u00fc\u011f\u00fcn\u00fc belirlerken, o\u011flu Hakan U.\u2019yu g\u00f6zalt\u0131na ald\u0131. Psikolojik sorunlar\u0131 oldu\u011fu \u00f6\u011frenilen ve bir s\u00fcredir tedavi g\u00f6rd\u00fc\u011f\u00fc belirtilen Hakan U., jandarmadaki i\u015flemleri sonras\u0131 adliyeye sevk edildi. \u015eah\u0131s savc\u0131l\u0131k sorgusunun ard\u0131ndan \u00e7\u0131kar\u0131ld\u0131\u011f\u0131 mahkemece \u2018kasten \u00f6ld\u00fcrme\u2019 su\u00e7lamas\u0131yla tutuklanarak cezaevine g\u00f6nderildi.<br \/><\/p>\n","protected":false},"excerpt":{"rendered":"<p>Afyonkarahisar\u2019da tart\u0131\u015ft\u0131\u011f\u0131 babas\u0131n\u0131 b\u0131\u00e7aklayarak \u00f6ld\u00fcren gen\u00e7 \u00e7\u0131kar\u0131ld\u0131\u011f\u0131 mahkemece tutuklanarak cezaevine g\u00f6nderildi. Olay, \u015euhut il\u00e7esine ba\u011fl\u0131 Ortap\u0131nar k\u00f6y\u00fcnde meydana geldi. Edinilen bilgilere g\u00f6re, Hakan U., bilinmeyen nedenle babas\u0131 \u00d6nder U. ile tart\u0131\u015ft\u0131. Kavgaya d\u00f6n\u00fc\u015fen olayda Hakan U. babas\u0131n\u0131 b\u0131\u00e7aklad\u0131. Kom\u015fular\u0131n ihbar\u0131 \u00fczerine b\u00f6lgeye jandarma ve sa\u011fl\u0131k ekipleri sevk edildi. Olay yerine gelen ekipler baba \u00d6nder U.\u2019nun&#8230;<\/p>\n","protected":false},"author":1,"featured_media":25587,"comment_status":"open","ping_status":"open","sticky":false,"template":"","format":"standard","meta":{"_crdt_document":"","footnotes":""},"categories":[5],"tags":[],"class_list":["post-25586","post","type-post","status-publish","format-standard","has-post-thumbnail","hentry","category-asayis"],"_links":{"self":[{"href":"https:\/\/www.egemtv.com\/index.php?rest_route=\/wp\/v2\/posts\/25586","targetHints":{"allow":["GET"]}}],"collection":[{"href":"https:\/\/www.egemtv.com\/index.php?rest_route=\/wp\/v2\/posts"}],"about":[{"href":"https:\/\/www.egemtv.com\/index.php?rest_route=\/wp\/v2\/types\/post"}],"author":[{"embeddable":true,"href":"https:\/\/www.egemtv.com\/index.php?rest_route=\/wp\/v2\/users\/1"}],"replies":[{"embeddable":true,"href":"https:\/\/www.egemtv.com\/index.php?rest_route=%2Fwp%2Fv2%2Fcomments&post=25586"}],"version-history":[{"count":1,"href":"https:\/\/www.egemtv.com\/index.php?rest_route=\/wp\/v2\/posts\/25586\/revisions"}],"predecessor-version":[{"id":25588,"href":"https:\/\/www.egemtv.com\/index.php?rest_route=\/wp\/v2\/posts\/25586\/revisions\/25588"}],"wp:featuredmedia":[{"embeddable":true,"href":"https:\/\/www.egemtv.com\/index.php?rest_route=\/wp\/v2\/media\/25587"}],"wp:attachment":[{"href":"https:\/\/www.egemtv.com\/index.php?rest_route=%2Fwp%2Fv2%2Fmedia&parent=25586"}],"wp:term":[{"taxonomy":"category","embeddable":true,"href":"https:\/\/www.egemtv.com\/index.php?rest_route=%2Fwp%2Fv2%2Fcategories&post=25586"},{"taxonomy":"post_tag","embeddable":true,"href":"https:\/\/www.egemtv.com\/index.php?rest_route=%2Fwp%2Fv2%2Ftags&post=25586"}],"curies":[{"name":"wp","href":"https:\/\/api.w.org\/{rel}","templated":true}]}}