{"id":25583,"date":"2025-03-21T10:43:22","date_gmt":"2025-03-21T07:43:22","guid":{"rendered":"https:\/\/www.egemtv.com\/?p=25583"},"modified":"2025-03-21T10:43:28","modified_gmt":"2025-03-21T07:43:28","slug":"sarkikaraagacta-baca-yangini","status":"publish","type":"post","link":"https:\/\/www.egemtv.com\/?p=25583","title":{"rendered":"\u015earkikaraa\u011fa\u00e7\u2019ta baca yang\u0131n\u0131"},"content":{"rendered":"<p>Isparta\u2019n\u0131n \u015earkikara\u011fa\u00e7 il\u00e7esinde tek katl\u0131 m\u00fcstakil evde \u00e7\u0131kan baca yang\u0131n\u0131 itfaiye ekiplerince s\u00f6nd\u00fcr\u00fcld\u00fc.<br \/>\n<br \/>D\u00fcn, \u015earkikara\u011fa\u00e7 il\u00e7esi Arak k\u00f6y\u00fcnde E.B.\u2019ye ait tek katl\u0131 m\u00fcstakil evin baca k\u0131sm\u0131nda hen\u00fcz bilinmeyen nedenle yang\u0131n \u00e7\u0131kt\u0131. Dumanlar\u0131 fark eden vatanda\u015flar durumu 112 Acil \u00c7a\u011fr\u0131 Merkezi\u2019ne bildirdi. \u0130hbar \u00fczerine b\u00f6lgeye polis ve itfaiye ekipleri sevk edildi. Olay yerine gelen itfaiye ekiplerinin m\u00fcdahalesi ile yang\u0131n kontrol alt\u0131na al\u0131nd\u0131. Yang\u0131n\u0131n \u00e7\u0131k\u0131\u015f nedeni ile ilgili inceleme ba\u015flat\u0131ld\u0131.<br \/><\/p>\n","protected":false},"excerpt":{"rendered":"<p>Isparta\u2019n\u0131n \u015earkikara\u011fa\u00e7 il\u00e7esinde tek katl\u0131 m\u00fcstakil evde \u00e7\u0131kan baca yang\u0131n\u0131 itfaiye ekiplerince s\u00f6nd\u00fcr\u00fcld\u00fc. D\u00fcn, \u015earkikara\u011fa\u00e7 il\u00e7esi Arak k\u00f6y\u00fcnde E.B.\u2019ye ait tek katl\u0131 m\u00fcstakil evin baca k\u0131sm\u0131nda hen\u00fcz bilinmeyen nedenle yang\u0131n \u00e7\u0131kt\u0131. Dumanlar\u0131 fark eden vatanda\u015flar durumu 112 Acil \u00c7a\u011fr\u0131 Merkezi\u2019ne bildirdi. \u0130hbar \u00fczerine b\u00f6lgeye polis ve itfaiye ekipleri sevk edildi. Olay yerine gelen itfaiye ekiplerinin&#8230;<\/p>\n","protected":false},"author":1,"featured_media":25584,"comment_status":"open","ping_status":"open","sticky":false,"template":"","format":"standard","meta":{"_crdt_document":"","footnotes":""},"categories":[5],"tags":[],"class_list":["post-25583","post","type-post","status-publish","format-standard","has-post-thumbnail","hentry","category-asayis"],"_links":{"self":[{"href":"https:\/\/www.egemtv.com\/index.php?rest_route=\/wp\/v2\/posts\/25583","targetHints":{"allow":["GET"]}}],"collection":[{"href":"https:\/\/www.egemtv.com\/index.php?rest_route=\/wp\/v2\/posts"}],"about":[{"href":"https:\/\/www.egemtv.com\/index.php?rest_route=\/wp\/v2\/types\/post"}],"author":[{"embeddable":true,"href":"https:\/\/www.egemtv.com\/index.php?rest_route=\/wp\/v2\/users\/1"}],"replies":[{"embeddable":true,"href":"https:\/\/www.egemtv.com\/index.php?rest_route=%2Fwp%2Fv2%2Fcomments&post=25583"}],"version-history":[{"count":1,"href":"https:\/\/www.egemtv.com\/index.php?rest_route=\/wp\/v2\/posts\/25583\/revisions"}],"predecessor-version":[{"id":25585,"href":"https:\/\/www.egemtv.com\/index.php?rest_route=\/wp\/v2\/posts\/25583\/revisions\/25585"}],"wp:featuredmedia":[{"embeddable":true,"href":"https:\/\/www.egemtv.com\/index.php?rest_route=\/wp\/v2\/media\/25584"}],"wp:attachment":[{"href":"https:\/\/www.egemtv.com\/index.php?rest_route=%2Fwp%2Fv2%2Fmedia&parent=25583"}],"wp:term":[{"taxonomy":"category","embeddable":true,"href":"https:\/\/www.egemtv.com\/index.php?rest_route=%2Fwp%2Fv2%2Fcategories&post=25583"},{"taxonomy":"post_tag","embeddable":true,"href":"https:\/\/www.egemtv.com\/index.php?rest_route=%2Fwp%2Fv2%2Ftags&post=25583"}],"curies":[{"name":"wp","href":"https:\/\/api.w.org\/{rel}","templated":true}]}}