{"id":25577,"date":"2025-03-21T10:23:46","date_gmt":"2025-03-21T07:23:46","guid":{"rendered":"https:\/\/www.egemtv.com\/?p=25577"},"modified":"2025-03-21T10:23:50","modified_gmt":"2025-03-21T07:23:50","slug":"baskan-ozen-her-dizesiyle-bizlere-hem-isik-olmus-hem-de-umut-vermistir","status":"publish","type":"post","link":"https:\/\/www.egemtv.com\/?p=25577","title":{"rendered":"Ba\u015fkan \u00d6zen: &#8220;Her dizesiyle bizlere hem \u0131\u015f\u0131k olmu\u015f hem de umut vermi\u015ftir&#8221;"},"content":{"rendered":"<p>Alt\u0131 Nokta K\u00f6rler Derne\u011fi Ayd\u0131n \u015eube Ba\u015fkan\u0131 Bayram \u00d6zen, usta halk ozan\u0131 A\u015f\u0131k Veysel\u2019i sayg\u0131 ve \u00f6zlemle and\u0131klar\u0131n\u0131 ifade ederek &#8220;O, her dizesiyle bizlere hem \u0131\u015f\u0131k olmu\u015f hem de umut vermi\u015ftir&#8221; dedi.<\/p>\n<p>A\u015f\u0131k edebiyat\u0131n\u0131n en g\u00fc\u00e7l\u00fc temsilcilerinden biri olan b\u00fcy\u00fck halk ozan\u0131 A\u015f\u0131k Veysel \u015eat\u0131ro\u011flu, \u00f6l\u00fcm\u00fcn\u00fcn 52. y\u0131l\u0131nda yurt genelinde oldu\u011fu gibi Ayd\u0131n\u2019da da sayg\u0131 ve \u00f6zlemle an\u0131l\u0131yor. Alt\u0131 Nokta K\u00f6rler Derne\u011fi Ayd\u0131n \u015eube Ba\u015fkan\u0131 ve Genel Merkez Bas\u0131n ve Halkla \u0130li\u015fkilerden Sorumlu Genel Ba\u015fkan Yard\u0131mc\u0131s\u0131 Bayram \u00d6zen ise 21 Mart D\u00fcnya \u015eiir G\u00fcn\u00fc\u2019ne de denk gelen g\u00fcnde a\u00e7\u0131klama yaparak &#8220;A\u015f\u0131k Veysel sadece bir halk ozan\u0131 de\u011fil, ayn\u0131 zamanda g\u00f6rme engelli bireylerin i\u00e7 d\u00fcnyas\u0131n\u0131, ya\u015famla kurdu\u011fu derin ba\u011f\u0131 ve insan sevgisini t\u00fcm d\u00fcnyaya \u015fiirle anlatabilen e\u015fsiz bir g\u00f6n\u00fcl insan\u0131d\u0131r&#8221; dedi.<\/p>\n<p>\u00d6zen a\u00e7\u0131klamas\u0131n\u0131n devam\u0131nda &#8220;A\u015f\u0131k Veysel\u2019in dizelerinde yer bulan do\u011fa, sevgi, insanl\u0131k ve vatan sevgisi, bug\u00fcn hala yolumuzu ayd\u0131nlatmaya devam ediyor. O, bastonunu topra\u011fa de\u011fil, g\u00f6n\u00fcllere vurmu\u015f bir bilgedir. Her dizesiyle bizlere hem \u0131\u015f\u0131k olmu\u015f hem de umut vermi\u015ftir. G\u00f6rme engelli bireyler olarak A\u015f\u0131k Veysel\u2019in b\u0131rakt\u0131\u011f\u0131 miras\u0131 bir onur vesilesi olarak g\u00f6r\u00fcyoruz. Karanl\u0131ktan korkmayan, ayd\u0131nl\u0131\u011f\u0131 i\u00e7inde ta\u015f\u0131yan bir duru\u015fun ad\u0131 olan A\u015f\u0131k Veysel\u2019i rahmetle, minnetle ve \u00f6zlemle an\u0131yoruz&#8221; ifadelerine yer verdi.<br \/><\/p>\n","protected":false},"excerpt":{"rendered":"<p>Alt\u0131 Nokta K\u00f6rler Derne\u011fi Ayd\u0131n \u015eube Ba\u015fkan\u0131 Bayram \u00d6zen, usta halk ozan\u0131 A\u015f\u0131k Veysel\u2019i sayg\u0131 ve \u00f6zlemle and\u0131klar\u0131n\u0131 ifade ederek &#8220;O, her dizesiyle bizlere hem \u0131\u015f\u0131k olmu\u015f hem de umut vermi\u015ftir&#8221; dedi. A\u015f\u0131k edebiyat\u0131n\u0131n en g\u00fc\u00e7l\u00fc temsilcilerinden biri olan b\u00fcy\u00fck halk ozan\u0131 A\u015f\u0131k Veysel \u015eat\u0131ro\u011flu, \u00f6l\u00fcm\u00fcn\u00fcn 52. y\u0131l\u0131nda yurt genelinde oldu\u011fu gibi Ayd\u0131n\u2019da da sayg\u0131&#8230;<\/p>\n","protected":false},"author":1,"featured_media":25578,"comment_status":"open","ping_status":"open","sticky":false,"template":"","format":"standard","meta":{"_crdt_document":"","footnotes":""},"categories":[1],"tags":[],"class_list":["post-25577","post","type-post","status-publish","format-standard","has-post-thumbnail","hentry","category-guncel"],"_links":{"self":[{"href":"https:\/\/www.egemtv.com\/index.php?rest_route=\/wp\/v2\/posts\/25577","targetHints":{"allow":["GET"]}}],"collection":[{"href":"https:\/\/www.egemtv.com\/index.php?rest_route=\/wp\/v2\/posts"}],"about":[{"href":"https:\/\/www.egemtv.com\/index.php?rest_route=\/wp\/v2\/types\/post"}],"author":[{"embeddable":true,"href":"https:\/\/www.egemtv.com\/index.php?rest_route=\/wp\/v2\/users\/1"}],"replies":[{"embeddable":true,"href":"https:\/\/www.egemtv.com\/index.php?rest_route=%2Fwp%2Fv2%2Fcomments&post=25577"}],"version-history":[{"count":1,"href":"https:\/\/www.egemtv.com\/index.php?rest_route=\/wp\/v2\/posts\/25577\/revisions"}],"predecessor-version":[{"id":25579,"href":"https:\/\/www.egemtv.com\/index.php?rest_route=\/wp\/v2\/posts\/25577\/revisions\/25579"}],"wp:featuredmedia":[{"embeddable":true,"href":"https:\/\/www.egemtv.com\/index.php?rest_route=\/wp\/v2\/media\/25578"}],"wp:attachment":[{"href":"https:\/\/www.egemtv.com\/index.php?rest_route=%2Fwp%2Fv2%2Fmedia&parent=25577"}],"wp:term":[{"taxonomy":"category","embeddable":true,"href":"https:\/\/www.egemtv.com\/index.php?rest_route=%2Fwp%2Fv2%2Fcategories&post=25577"},{"taxonomy":"post_tag","embeddable":true,"href":"https:\/\/www.egemtv.com\/index.php?rest_route=%2Fwp%2Fv2%2Ftags&post=25577"}],"curies":[{"name":"wp","href":"https:\/\/api.w.org\/{rel}","templated":true}]}}