{"id":25568,"date":"2025-03-21T10:23:34","date_gmt":"2025-03-21T07:23:34","guid":{"rendered":"https:\/\/www.egemtv.com\/?p=25568"},"modified":"2025-03-21T10:23:39","modified_gmt":"2025-03-21T07:23:39","slug":"baskan-putun-beyagacli-hemsehrilerini-iftar-sofrasinda-agirladi","status":"publish","type":"post","link":"https:\/\/www.egemtv.com\/?p=25568","title":{"rendered":"Ba\u015fkan P\u00fct\u00fcn, Beya\u011fa\u00e7l\u0131 hem\u015fehrilerini iftar sofras\u0131nda a\u011f\u0131rlad\u0131"},"content":{"rendered":"<p>DEN\u0130ZL\u0130 (\u0130HA) \u2013 Denizli\u2019de Beya\u011fa\u00e7 Belediye Ba\u015fkan\u0131 Sezayi P\u00fct\u00fcn, kendi imkanlar\u0131yla d\u00fczenledi\u011fi iftar program\u0131nda binlerce hem\u015fehrisini ayn\u0131 sofrada bulu\u015fturdu.<\/p>\n<p>Beya\u011fa\u00e7 Belediye Ba\u015fkan\u0131 Sezayi P\u00fct\u00fcn, Ramazan ay\u0131 nedeniyle kendi imkanlar\u0131yla iftar program\u0131 d\u00fczenledi. Beya\u011fa\u00e7 Belediyesi Kapal\u0131 Pazaryerinde d\u00fczenlenen iftar yeme\u011finde binlerce Beya\u011fa\u00e7l\u0131 ayn\u0131 sofrada bulu\u015ftu. \u0130l\u00e7ede birlik, beraberlik ve dayan\u0131\u015fmaya katk\u0131 sunan iftar program\u0131nda Yeniden Refah Partisi Genel Ba\u015fkan Yard\u0131mc\u0131s\u0131 Naim \u00d6zt\u00fcrk, Denizli Esnaf ve Sanatkarlar Odalar\u0131 Birli\u011fi (DESOB) Ba\u015fkan\u0131 Mehmet Ali Erbe\u011fi, davetli ve vatanda\u015flar hep birlikte oru\u00e7lar\u0131n\u0131 a\u00e7t\u0131.<\/p>\n<p>Davetlileri e\u015fiyle birlikte kar\u015f\u0131layan Beya\u011fa\u00e7 Belediye Ba\u015fkan\u0131 Sezayi P\u00fct\u00fcn, anlaml\u0131 davetine kat\u0131l\u0131m sa\u011flayan t\u00fcm misafirlerine te\u015fekk\u00fcr etti. Bu t\u00fcr etkinliklerin birlik ve beraberli\u011fi daha da g\u00fc\u00e7lendirdi\u011fini belirten Ba\u015fkan P\u00fct\u00fcn, &#8220;Ramazan ay\u0131n\u0131n bereketini ve dayan\u0131\u015fma ruhunu payla\u015fmak, karde\u015fli\u011fimizi peki\u015ftirmek en b\u00fcy\u00fck sorumlulu\u011fumuzdur. Bug\u00fcn burada, ayn\u0131 sofray\u0131 payla\u015fman\u0131n mutlulu\u011funu ya\u015f\u0131yoruz. Bu g\u00fczel iftar sofras\u0131nda bir araya gelmemize vesile olan Ramazan ay\u0131n\u0131n bereketini hep birlikte ya\u015famak, bizlere birlik ve beraberli\u011fimizin ne kadar k\u0131ymetli oldu\u011funu bir kez daha hat\u0131rlatt\u0131. G\u00f6sterdi\u011finiz ilgi ve samimiyet i\u00e7in her birinize ayr\u0131 ayr\u0131 te\u015fekk\u00fcr ediyorum. Sizleri misafir etmekten, sizlerle ayn\u0131 sofray\u0131 payla\u015fmaktan b\u00fcy\u00fck bir onur ve gurur duyuyorum. Bizlerle birlikte olan, birlik ve beraberli\u011fimize katk\u0131 sunan Genel Ba\u015fkan Yard\u0131mc\u0131m\u0131z Say\u0131n Naim \u00d6zt\u00fcrk ve kat\u0131l\u0131m sa\u011flayan t\u00fcm misafirlerimize g\u00f6n\u00fclden te\u015fekk\u00fcr ederim. Ramazan\u2019\u0131n bereketi, dayan\u0131\u015fma ruhu ve karde\u015flik duygusu daim olsun&#8221; dedi.<br \/><\/p>\n","protected":false},"excerpt":{"rendered":"<p>DEN\u0130ZL\u0130 (\u0130HA) \u2013 Denizli\u2019de Beya\u011fa\u00e7 Belediye Ba\u015fkan\u0131 Sezayi P\u00fct\u00fcn, kendi imkanlar\u0131yla d\u00fczenledi\u011fi iftar program\u0131nda binlerce hem\u015fehrisini ayn\u0131 sofrada bulu\u015fturdu. Beya\u011fa\u00e7 Belediye Ba\u015fkan\u0131 Sezayi P\u00fct\u00fcn, Ramazan ay\u0131 nedeniyle kendi imkanlar\u0131yla iftar program\u0131 d\u00fczenledi. Beya\u011fa\u00e7 Belediyesi Kapal\u0131 Pazaryerinde d\u00fczenlenen iftar yeme\u011finde binlerce Beya\u011fa\u00e7l\u0131 ayn\u0131 sofrada bulu\u015ftu. \u0130l\u00e7ede birlik, beraberlik ve dayan\u0131\u015fmaya katk\u0131 sunan iftar program\u0131nda Yeniden Refah&#8230;<\/p>\n","protected":false},"author":1,"featured_media":25569,"comment_status":"open","ping_status":"open","sticky":false,"template":"","format":"standard","meta":{"_crdt_document":"","footnotes":""},"categories":[123],"tags":[],"class_list":["post-25568","post","type-post","status-publish","format-standard","has-post-thumbnail","hentry","category-gundem"],"_links":{"self":[{"href":"https:\/\/www.egemtv.com\/index.php?rest_route=\/wp\/v2\/posts\/25568","targetHints":{"allow":["GET"]}}],"collection":[{"href":"https:\/\/www.egemtv.com\/index.php?rest_route=\/wp\/v2\/posts"}],"about":[{"href":"https:\/\/www.egemtv.com\/index.php?rest_route=\/wp\/v2\/types\/post"}],"author":[{"embeddable":true,"href":"https:\/\/www.egemtv.com\/index.php?rest_route=\/wp\/v2\/users\/1"}],"replies":[{"embeddable":true,"href":"https:\/\/www.egemtv.com\/index.php?rest_route=%2Fwp%2Fv2%2Fcomments&post=25568"}],"version-history":[{"count":1,"href":"https:\/\/www.egemtv.com\/index.php?rest_route=\/wp\/v2\/posts\/25568\/revisions"}],"predecessor-version":[{"id":25570,"href":"https:\/\/www.egemtv.com\/index.php?rest_route=\/wp\/v2\/posts\/25568\/revisions\/25570"}],"wp:featuredmedia":[{"embeddable":true,"href":"https:\/\/www.egemtv.com\/index.php?rest_route=\/wp\/v2\/media\/25569"}],"wp:attachment":[{"href":"https:\/\/www.egemtv.com\/index.php?rest_route=%2Fwp%2Fv2%2Fmedia&parent=25568"}],"wp:term":[{"taxonomy":"category","embeddable":true,"href":"https:\/\/www.egemtv.com\/index.php?rest_route=%2Fwp%2Fv2%2Fcategories&post=25568"},{"taxonomy":"post_tag","embeddable":true,"href":"https:\/\/www.egemtv.com\/index.php?rest_route=%2Fwp%2Fv2%2Ftags&post=25568"}],"curies":[{"name":"wp","href":"https:\/\/api.w.org\/{rel}","templated":true}]}}