{"id":25565,"date":"2025-03-21T10:02:04","date_gmt":"2025-03-21T07:02:04","guid":{"rendered":"https:\/\/www.egemtv.com\/?p=25565"},"modified":"2025-03-21T10:02:17","modified_gmt":"2025-03-21T07:02:17","slug":"bozdoganda-zabita-ekipleri-denetimlerini-surduruyor","status":"publish","type":"post","link":"https:\/\/www.egemtv.com\/?p=25565","title":{"rendered":"Bozdo\u011fan\u2019da zab\u0131ta ekipleri denetimlerini s\u00fcrd\u00fcr\u00fcyor"},"content":{"rendered":"<p>Bozdo\u011fan Belediyesi Zab\u0131ta M\u00fcd\u00fcrl\u00fc\u011f\u00fc ekipleri, il\u00e7e genelinde market denetimlerine h\u0131z kesmeden devam ediyor.<\/p>\n<p>Halk sa\u011fl\u0131\u011f\u0131n\u0131 korumak ve t\u00fcketici haklar\u0131n\u0131 g\u00fcvence alt\u0131na almak amac\u0131yla ger\u00e7ekle\u015ftirilen denetimlerde, raflardaki \u00fcr\u00fcnler titizlikle incelendi.<\/p>\n<p>Denetimler kapsam\u0131nda; fiyat etiketi kontrolleri, son kullanma tarihi ge\u00e7mi\u015f \u00fcr\u00fcnlerin tespiti ve genel hijyen \u015fartlar\u0131na uygunluk gibi konular detayl\u0131 bir \u015fekilde de\u011ferlendirildi. Kurallara ayk\u0131r\u0131 durumlar tespit edilen i\u015fletmeler hakk\u0131nda gerekli i\u015flemler yap\u0131ld\u0131.<\/p>\n<p>Bozdo\u011fan Belediye Ba\u015fkan\u0131 Mustafa Galip \u00d6zel, halk\u0131n g\u00fcvenli ve sa\u011fl\u0131kl\u0131 al\u0131\u015fveri\u015f yapabilmesi i\u00e7in denetimlerin aral\u0131ks\u0131z s\u00fcrece\u011fini belirterek, Vatanda\u015flar\u0131m\u0131z\u0131n sa\u011fl\u0131kl\u0131 ve g\u00fcvenli g\u0131daya ula\u015fmas\u0131 bizim i\u00e7in \u00e7ok \u00f6nemli. Marketlerde tarihi ge\u00e7mi\u015f \u00fcr\u00fcnlere ve etiket oyunlar\u0131na g\u00f6z yummayaca\u011f\u0131z. T\u00fcketici haklar\u0131n\u0131 korumak ad\u0131na denetimlerimiz devam edecek&#8221; dedi.<\/p>\n<p>\u0130l\u00e7e genelinde g\u00fcvenli ve sa\u011fl\u0131kl\u0131 bir ticaret ortam\u0131 sa\u011flamak ad\u0131na \u00e7al\u0131\u015fmalar\u0131n kararl\u0131l\u0131kla s\u00fcrd\u00fcrmeye devam edilece\u011fi belirtildi.<br \/><\/p>\n","protected":false},"excerpt":{"rendered":"<p>Bozdo\u011fan Belediyesi Zab\u0131ta M\u00fcd\u00fcrl\u00fc\u011f\u00fc ekipleri, il\u00e7e genelinde market denetimlerine h\u0131z kesmeden devam ediyor. Halk sa\u011fl\u0131\u011f\u0131n\u0131 korumak ve t\u00fcketici haklar\u0131n\u0131 g\u00fcvence alt\u0131na almak amac\u0131yla ger\u00e7ekle\u015ftirilen denetimlerde, raflardaki \u00fcr\u00fcnler titizlikle incelendi. Denetimler kapsam\u0131nda; fiyat etiketi kontrolleri, son kullanma tarihi ge\u00e7mi\u015f \u00fcr\u00fcnlerin tespiti ve genel hijyen \u015fartlar\u0131na uygunluk gibi konular detayl\u0131 bir \u015fekilde de\u011ferlendirildi. Kurallara ayk\u0131r\u0131 durumlar tespit&#8230;<\/p>\n","protected":false},"author":1,"featured_media":25566,"comment_status":"open","ping_status":"open","sticky":false,"template":"","format":"standard","meta":{"_crdt_document":"","footnotes":""},"categories":[1],"tags":[],"class_list":["post-25565","post","type-post","status-publish","format-standard","has-post-thumbnail","hentry","category-guncel"],"_links":{"self":[{"href":"https:\/\/www.egemtv.com\/index.php?rest_route=\/wp\/v2\/posts\/25565","targetHints":{"allow":["GET"]}}],"collection":[{"href":"https:\/\/www.egemtv.com\/index.php?rest_route=\/wp\/v2\/posts"}],"about":[{"href":"https:\/\/www.egemtv.com\/index.php?rest_route=\/wp\/v2\/types\/post"}],"author":[{"embeddable":true,"href":"https:\/\/www.egemtv.com\/index.php?rest_route=\/wp\/v2\/users\/1"}],"replies":[{"embeddable":true,"href":"https:\/\/www.egemtv.com\/index.php?rest_route=%2Fwp%2Fv2%2Fcomments&post=25565"}],"version-history":[{"count":1,"href":"https:\/\/www.egemtv.com\/index.php?rest_route=\/wp\/v2\/posts\/25565\/revisions"}],"predecessor-version":[{"id":25567,"href":"https:\/\/www.egemtv.com\/index.php?rest_route=\/wp\/v2\/posts\/25565\/revisions\/25567"}],"wp:featuredmedia":[{"embeddable":true,"href":"https:\/\/www.egemtv.com\/index.php?rest_route=\/wp\/v2\/media\/25566"}],"wp:attachment":[{"href":"https:\/\/www.egemtv.com\/index.php?rest_route=%2Fwp%2Fv2%2Fmedia&parent=25565"}],"wp:term":[{"taxonomy":"category","embeddable":true,"href":"https:\/\/www.egemtv.com\/index.php?rest_route=%2Fwp%2Fv2%2Fcategories&post=25565"},{"taxonomy":"post_tag","embeddable":true,"href":"https:\/\/www.egemtv.com\/index.php?rest_route=%2Fwp%2Fv2%2Ftags&post=25565"}],"curies":[{"name":"wp","href":"https:\/\/api.w.org\/{rel}","templated":true}]}}