{"id":25562,"date":"2025-03-21T10:01:55","date_gmt":"2025-03-21T07:01:55","guid":{"rendered":"https:\/\/www.egemtv.com\/?p=25562"},"modified":"2025-03-21T10:02:04","modified_gmt":"2025-03-21T07:02:04","slug":"kusadasinda-cocuklar-siir-yazmanin-puf-noktalarini-ogrendi","status":"publish","type":"post","link":"https:\/\/www.egemtv.com\/?p=25562","title":{"rendered":"Ku\u015fadas\u0131\u2019nda \u00e7ocuklar \u015fiir yazman\u0131n p\u00fcf noktalar\u0131n\u0131 \u00f6\u011frendi"},"content":{"rendered":"<p>Sevil-Ya\u015far Alta\u015f E\u011fitim ve K\u00fclt\u00fcr Merkezi (SEYAKMER) Dijital ve Materyal \u00c7ocuk K\u00fct\u00fcphanesi, D\u00fcnya \u00c7ocuk \u015eiirleri G\u00fcn\u00fc kapsam\u0131nda, Feriha Ruhi Karata\u015f \u0130lkokulu \u00f6\u011frencilerini a\u011f\u0131rlad\u0131. Etkinlikte, \u015fair ve yazar Ali Gen\u00e7li taraf\u0131ndan \u00e7ocuklara \u015fiir yazman\u0131n p\u00fcf noktalar\u0131 anlat\u0131ld\u0131.<\/p>\n<p>Ku\u015fadas\u0131 Belediyesi ile Ku\u015fadas\u0131 E\u011fitim ve Geli\u015ftirme Vakf\u0131 (KEGEV) i\u015f birli\u011finde kurulan SEYAKMER, \u00f6\u011frencilere edebiyat sevgisi kazand\u0131rmak amac\u0131yla etkinlikler d\u00fczenlemeye devam ediyor. Bu kapsamda SEYAKMER son olarak \u015fair ve yazar Ali Gen\u00e7li\u2019yi \u00e7ocuklarla bulu\u015fturdu. D\u00fcnya \u00c7ocuk \u015eiirleri G\u00fcn\u00fc dolay\u0131s\u0131yla ger\u00e7ekle\u015ftirilen etkinlikte Gen\u00e7li, \u00f6\u011frencilere \u015fiir yazabilmenin ayr\u0131nt\u0131lar\u0131ndan bahsetti. Daha sonra \u00f6\u011frenciler sevdikleri hayvanlar\u0131n ba\u015f harflerini kullanarak akrosti\u015f \u015fiir yazmay\u0131 denedi. Etkinlikte \u015fiir ve yazarl\u0131\u011fa nas\u0131l ba\u015flad\u0131\u011f\u0131na da de\u011finen Ali Gen\u00e7li, \u00e7ocuklardan gelen sorular\u0131 yan\u0131tlad\u0131. Program sonunda Ali Gen\u00e7li, \u00f6\u011frencilere \u00e7ocuklar i\u00e7in yazd\u0131\u011f\u0131 son \u015fiir kitab\u0131n\u0131 hediye etti.<br \/><\/p>\n","protected":false},"excerpt":{"rendered":"<p>Sevil-Ya\u015far Alta\u015f E\u011fitim ve K\u00fclt\u00fcr Merkezi (SEYAKMER) Dijital ve Materyal \u00c7ocuk K\u00fct\u00fcphanesi, D\u00fcnya \u00c7ocuk \u015eiirleri G\u00fcn\u00fc kapsam\u0131nda, Feriha Ruhi Karata\u015f \u0130lkokulu \u00f6\u011frencilerini a\u011f\u0131rlad\u0131. Etkinlikte, \u015fair ve yazar Ali Gen\u00e7li taraf\u0131ndan \u00e7ocuklara \u015fiir yazman\u0131n p\u00fcf noktalar\u0131 anlat\u0131ld\u0131. Ku\u015fadas\u0131 Belediyesi ile Ku\u015fadas\u0131 E\u011fitim ve Geli\u015ftirme Vakf\u0131 (KEGEV) i\u015f birli\u011finde kurulan SEYAKMER, \u00f6\u011frencilere edebiyat sevgisi kazand\u0131rmak amac\u0131yla etkinlikler&#8230;<\/p>\n","protected":false},"author":1,"featured_media":25563,"comment_status":"open","ping_status":"open","sticky":false,"template":"","format":"standard","meta":{"_crdt_document":"","footnotes":""},"categories":[1],"tags":[],"class_list":["post-25562","post","type-post","status-publish","format-standard","has-post-thumbnail","hentry","category-guncel"],"_links":{"self":[{"href":"https:\/\/www.egemtv.com\/index.php?rest_route=\/wp\/v2\/posts\/25562","targetHints":{"allow":["GET"]}}],"collection":[{"href":"https:\/\/www.egemtv.com\/index.php?rest_route=\/wp\/v2\/posts"}],"about":[{"href":"https:\/\/www.egemtv.com\/index.php?rest_route=\/wp\/v2\/types\/post"}],"author":[{"embeddable":true,"href":"https:\/\/www.egemtv.com\/index.php?rest_route=\/wp\/v2\/users\/1"}],"replies":[{"embeddable":true,"href":"https:\/\/www.egemtv.com\/index.php?rest_route=%2Fwp%2Fv2%2Fcomments&post=25562"}],"version-history":[{"count":1,"href":"https:\/\/www.egemtv.com\/index.php?rest_route=\/wp\/v2\/posts\/25562\/revisions"}],"predecessor-version":[{"id":25564,"href":"https:\/\/www.egemtv.com\/index.php?rest_route=\/wp\/v2\/posts\/25562\/revisions\/25564"}],"wp:featuredmedia":[{"embeddable":true,"href":"https:\/\/www.egemtv.com\/index.php?rest_route=\/wp\/v2\/media\/25563"}],"wp:attachment":[{"href":"https:\/\/www.egemtv.com\/index.php?rest_route=%2Fwp%2Fv2%2Fmedia&parent=25562"}],"wp:term":[{"taxonomy":"category","embeddable":true,"href":"https:\/\/www.egemtv.com\/index.php?rest_route=%2Fwp%2Fv2%2Fcategories&post=25562"},{"taxonomy":"post_tag","embeddable":true,"href":"https:\/\/www.egemtv.com\/index.php?rest_route=%2Fwp%2Fv2%2Ftags&post=25562"}],"curies":[{"name":"wp","href":"https:\/\/api.w.org\/{rel}","templated":true}]}}