{"id":25559,"date":"2025-03-21T09:43:14","date_gmt":"2025-03-21T06:43:14","guid":{"rendered":"https:\/\/www.egemtv.com\/?p=25559"},"modified":"2025-03-21T09:43:18","modified_gmt":"2025-03-21T06:43:18","slug":"denizli-buyuksehir-belediyesinden-iklim-dostu-adim","status":"publish","type":"post","link":"https:\/\/www.egemtv.com\/?p=25559","title":{"rendered":"Denizli B\u00fcy\u00fck\u015fehir Belediyesinden iklim dostu ad\u0131m"},"content":{"rendered":"<p>Denizli B\u00fcy\u00fck\u015fehir Belediyesi, iklim de\u011fi\u015fikli\u011fiyle m\u00fccadeleye katk\u0131 sa\u011flamak amac\u0131yla karbon ayak izi hesaplama arac\u0131n\u0131 g\u00fcncelledi. Vatanda\u015flar\u0131n karbon sal\u0131m\u0131n\u0131 \u00f6l\u00e7erek \u00e7evreye duyarl\u0131 ad\u0131mlar atmas\u0131n\u0131 ama\u00e7layan bu ara\u00e7, daha s\u00fcrd\u00fcr\u00fclebilir bir ya\u015fam i\u00e7in \u00f6neriler de sunuyor.<\/p>\n<p>Denizli B\u00fcy\u00fck\u015fehir Belediyesi\u2019nin g\u00fcncelledi\u011fi bu hesaplama arac\u0131, kullan\u0131c\u0131lar\u0131n ya\u015fam tarzlar\u0131n\u0131 analiz ederek karbon sal\u0131mlar\u0131n\u0131 hesaplamalar\u0131na yard\u0131mc\u0131 oluyor. Ula\u015f\u0131m, enerji t\u00fcketimi ve al\u0131\u015fveri\u015f gibi g\u00fcnl\u00fck al\u0131\u015fkanl\u0131klar\u0131n \u00e7evreye etkisini \u00f6l\u00e7en ara\u00e7, bireylere karbon sal\u0131m\u0131n\u0131 azaltmak i\u00e7in pratik \u00f6neriler sunuyor. Daha az enerji t\u00fcketimi, toplu ta\u015f\u0131ma kullan\u0131m\u0131 ve s\u00fcrd\u00fcr\u00fclebilir \u00fcr\u00fcn tercihleri gibi \u00f6nerilerle iklim dostu bir ya\u015fam te\u015fvik ediliyor. Ayr\u0131ca uygulama, daha \u00e7evre dostu se\u00e7imler yapmalar\u0131 i\u00e7in kullan\u0131c\u0131lara \u00f6neriler sunuyor.<\/p>\n<p>Karbon ayak izinizi hesaplay\u0131n<br \/>\n<br \/>Denizli B\u00fcy\u00fck\u015fehir Belediyesi, t\u00fcm vatanda\u015flar\u0131 Karbon Ayak \u0130zi hesaplama arac\u0131n\u0131 kullanarak \u00e7evreye olan etkilerini \u00f6l\u00e7meye ve do\u011fa dostu ad\u0131mlar atmaya davet ediyor. Araca https:\/\/apps.denizli.bel.tr\/karbonayakizi\/ adresinden ula\u015fabiliyor.<br \/><\/p>\n","protected":false},"excerpt":{"rendered":"<p>Denizli B\u00fcy\u00fck\u015fehir Belediyesi, iklim de\u011fi\u015fikli\u011fiyle m\u00fccadeleye katk\u0131 sa\u011flamak amac\u0131yla karbon ayak izi hesaplama arac\u0131n\u0131 g\u00fcncelledi. Vatanda\u015flar\u0131n karbon sal\u0131m\u0131n\u0131 \u00f6l\u00e7erek \u00e7evreye duyarl\u0131 ad\u0131mlar atmas\u0131n\u0131 ama\u00e7layan bu ara\u00e7, daha s\u00fcrd\u00fcr\u00fclebilir bir ya\u015fam i\u00e7in \u00f6neriler de sunuyor. Denizli B\u00fcy\u00fck\u015fehir Belediyesi\u2019nin g\u00fcncelledi\u011fi bu hesaplama arac\u0131, kullan\u0131c\u0131lar\u0131n ya\u015fam tarzlar\u0131n\u0131 analiz ederek karbon sal\u0131mlar\u0131n\u0131 hesaplamalar\u0131na yard\u0131mc\u0131 oluyor. Ula\u015f\u0131m, enerji t\u00fcketimi ve&#8230;<\/p>\n","protected":false},"author":1,"featured_media":25560,"comment_status":"open","ping_status":"open","sticky":false,"template":"","format":"standard","meta":{"_crdt_document":"","footnotes":""},"categories":[1],"tags":[],"class_list":["post-25559","post","type-post","status-publish","format-standard","has-post-thumbnail","hentry","category-guncel"],"_links":{"self":[{"href":"https:\/\/www.egemtv.com\/index.php?rest_route=\/wp\/v2\/posts\/25559","targetHints":{"allow":["GET"]}}],"collection":[{"href":"https:\/\/www.egemtv.com\/index.php?rest_route=\/wp\/v2\/posts"}],"about":[{"href":"https:\/\/www.egemtv.com\/index.php?rest_route=\/wp\/v2\/types\/post"}],"author":[{"embeddable":true,"href":"https:\/\/www.egemtv.com\/index.php?rest_route=\/wp\/v2\/users\/1"}],"replies":[{"embeddable":true,"href":"https:\/\/www.egemtv.com\/index.php?rest_route=%2Fwp%2Fv2%2Fcomments&post=25559"}],"version-history":[{"count":1,"href":"https:\/\/www.egemtv.com\/index.php?rest_route=\/wp\/v2\/posts\/25559\/revisions"}],"predecessor-version":[{"id":25561,"href":"https:\/\/www.egemtv.com\/index.php?rest_route=\/wp\/v2\/posts\/25559\/revisions\/25561"}],"wp:featuredmedia":[{"embeddable":true,"href":"https:\/\/www.egemtv.com\/index.php?rest_route=\/wp\/v2\/media\/25560"}],"wp:attachment":[{"href":"https:\/\/www.egemtv.com\/index.php?rest_route=%2Fwp%2Fv2%2Fmedia&parent=25559"}],"wp:term":[{"taxonomy":"category","embeddable":true,"href":"https:\/\/www.egemtv.com\/index.php?rest_route=%2Fwp%2Fv2%2Fcategories&post=25559"},{"taxonomy":"post_tag","embeddable":true,"href":"https:\/\/www.egemtv.com\/index.php?rest_route=%2Fwp%2Fv2%2Ftags&post=25559"}],"curies":[{"name":"wp","href":"https:\/\/api.w.org\/{rel}","templated":true}]}}