{"id":25556,"date":"2025-03-21T01:01:34","date_gmt":"2025-03-20T22:01:34","guid":{"rendered":"https:\/\/www.egemtv.com\/?p=25556"},"modified":"2025-03-21T01:01:38","modified_gmt":"2025-03-20T22:01:38","slug":"bodrumda-kan-donduran-cinayet","status":"publish","type":"post","link":"https:\/\/www.egemtv.com\/?p=25556","title":{"rendered":"Bodrum\u2019da kan donduran cinayet"},"content":{"rendered":"<p>Mu\u011fla\u2019n\u0131n Bodrum il\u00e7esinde camc\u0131 d\u00fckkan\u0131 sahibi Alaaddin Y\u0131ld\u0131z, i\u015fletmesinde bo\u011faz\u0131 kesilmi\u015f halde \u00f6l\u00fc bulundu.<br \/>\n<br \/>Olay, Yakak\u00f6y Mahallesi T\u00fcrkmen mevkiinde camc\u0131 d\u00fckkan\u0131nda meydana geldi. D\u00fckkan sahibi 4 \u00e7ocuk babas\u0131 Alaaddin Y\u0131ld\u0131z\u2019dan (53) d\u00fcn ak\u015famdan beri haber alamayan arkada\u015flar\u0131, bug\u00fcn ak\u015fam saatlerinde i\u015fletmeye geldi. D\u00fckkana giren arkada\u015flar\u0131 Y\u0131ld\u0131z\u2019\u0131 \u00fczeri battaniye ile \u00f6rt\u00fcl\u00fc bo\u011faz\u0131 kesilmi\u015f halde buldu. \u0130hbar\u0131n ard\u0131ndan olay yerine 112 Acil Sa\u011fl\u0131k ve polis ekipleri sevk edildi. Yap\u0131lan kontrollerde Y\u0131ld\u0131z\u2019\u0131n hayat\u0131n\u0131 kaybetti\u011fi belirlendi.<br \/>\n<br \/>Polis ekipleri olay yerinde inceleme yapt\u0131. Olay\u0131n \u015f\u00fcphelisi oldu\u011fu de\u011ferlendirilen i\u015fletme personelinin yakalanmas\u0131 i\u00e7in \u00e7al\u0131\u015fma ba\u015flat\u0131ld\u0131. Cenaze, otopsi i\u00e7in Mu\u011fla Adli T\u0131p Kurumu\u2019na g\u00f6nderildi.<br \/>\n<br \/>Y\u0131ld\u0131z\u2019\u0131n kom\u015fular\u0131, Alaaddin Y\u0131ld\u0131z\u2019\u0131n \u00e7evresindeki herkese iyilik yapt\u0131\u011f\u0131n\u0131 ve kimseye zarar\u0131 olmad\u0131\u011f\u0131n\u0131 ifade etti.<br \/><\/p>\n","protected":false},"excerpt":{"rendered":"<p>Mu\u011fla\u2019n\u0131n Bodrum il\u00e7esinde camc\u0131 d\u00fckkan\u0131 sahibi Alaaddin Y\u0131ld\u0131z, i\u015fletmesinde bo\u011faz\u0131 kesilmi\u015f halde \u00f6l\u00fc bulundu. Olay, Yakak\u00f6y Mahallesi T\u00fcrkmen mevkiinde camc\u0131 d\u00fckkan\u0131nda meydana geldi. D\u00fckkan sahibi 4 \u00e7ocuk babas\u0131 Alaaddin Y\u0131ld\u0131z\u2019dan (53) d\u00fcn ak\u015famdan beri haber alamayan arkada\u015flar\u0131, bug\u00fcn ak\u015fam saatlerinde i\u015fletmeye geldi. D\u00fckkana giren arkada\u015flar\u0131 Y\u0131ld\u0131z\u2019\u0131 \u00fczeri battaniye ile \u00f6rt\u00fcl\u00fc bo\u011faz\u0131 kesilmi\u015f halde buldu. \u0130hbar\u0131n&#8230;<\/p>\n","protected":false},"author":1,"featured_media":25557,"comment_status":"open","ping_status":"open","sticky":false,"template":"","format":"standard","meta":{"_crdt_document":"","footnotes":""},"categories":[5],"tags":[],"class_list":["post-25556","post","type-post","status-publish","format-standard","has-post-thumbnail","hentry","category-asayis"],"_links":{"self":[{"href":"https:\/\/www.egemtv.com\/index.php?rest_route=\/wp\/v2\/posts\/25556","targetHints":{"allow":["GET"]}}],"collection":[{"href":"https:\/\/www.egemtv.com\/index.php?rest_route=\/wp\/v2\/posts"}],"about":[{"href":"https:\/\/www.egemtv.com\/index.php?rest_route=\/wp\/v2\/types\/post"}],"author":[{"embeddable":true,"href":"https:\/\/www.egemtv.com\/index.php?rest_route=\/wp\/v2\/users\/1"}],"replies":[{"embeddable":true,"href":"https:\/\/www.egemtv.com\/index.php?rest_route=%2Fwp%2Fv2%2Fcomments&post=25556"}],"version-history":[{"count":1,"href":"https:\/\/www.egemtv.com\/index.php?rest_route=\/wp\/v2\/posts\/25556\/revisions"}],"predecessor-version":[{"id":25558,"href":"https:\/\/www.egemtv.com\/index.php?rest_route=\/wp\/v2\/posts\/25556\/revisions\/25558"}],"wp:featuredmedia":[{"embeddable":true,"href":"https:\/\/www.egemtv.com\/index.php?rest_route=\/wp\/v2\/media\/25557"}],"wp:attachment":[{"href":"https:\/\/www.egemtv.com\/index.php?rest_route=%2Fwp%2Fv2%2Fmedia&parent=25556"}],"wp:term":[{"taxonomy":"category","embeddable":true,"href":"https:\/\/www.egemtv.com\/index.php?rest_route=%2Fwp%2Fv2%2Fcategories&post=25556"},{"taxonomy":"post_tag","embeddable":true,"href":"https:\/\/www.egemtv.com\/index.php?rest_route=%2Fwp%2Fv2%2Ftags&post=25556"}],"curies":[{"name":"wp","href":"https:\/\/api.w.org\/{rel}","templated":true}]}}