{"id":25544,"date":"2025-03-20T23:02:31","date_gmt":"2025-03-20T20:02:31","guid":{"rendered":"https:\/\/www.egemtv.com\/?p=25544"},"modified":"2025-03-20T23:02:37","modified_gmt":"2025-03-20T20:02:37","slug":"bahari-beklerken-kar-yagisi-etkili-oldu","status":"publish","type":"post","link":"https:\/\/www.egemtv.com\/?p=25544","title":{"rendered":"Bahar\u0131 beklerken kar ya\u011f\u0131\u015f\u0131 etkili oldu"},"content":{"rendered":"<p>Manisa\u2019n\u0131n Demirci il\u00e7esinde ak\u015fam saatlerinde etkili olan kar ya\u011f\u0131\u015f\u0131 y\u00fcksek kesimleri beyaza b\u00fcr\u00fcd\u00fc.<br \/>\n<br \/>Nevruzla birlikte bahar\u0131n geli\u015fini kutlamaya haz\u0131rlanan Manisa\u2019da kar ya\u011f\u0131\u015f\u0131 etkili oldu. Manisa\u2019n\u0131n Demirci il\u00e7esinin y\u00fcksek kesimlerinde etkili olan kar ya\u011f\u0131\u015f\u0131yla da\u011fl\u0131k alanlar beyaza b\u00fcr\u00fcnd\u00fc. Kar ya\u011f\u0131\u015f\u0131 ve hafif f\u0131rt\u0131nan\u0131n etkili oldu\u011fu 1470 rak\u0131ml\u0131 Ak\u00e7akertik mevkii, Asitepe mevkii, T\u00fcrkmen Tepe, H\u0131\u015f\u0131r mevkiileri, Bardak\u00e7\u0131 ve Sa\u011fn\u0131\u00e7 mahalleleri beyaza b\u00fcr\u00fcn\u00fcrken, il\u00e7e merkezinde de hafif kar ya\u011f\u0131\u015f\u0131 etkili oldu.<br \/>\n<br \/>Kar ya\u011f\u0131\u015f\u0131 ve f\u0131rt\u0131na ile birlikte termometreler eksi derecelere inerken, yetkililer gece saatlerinde so\u011fuk havan\u0131n etkisi ile zirai don olabilece\u011finden \u00fcreticilerin tarlalar\u0131nda tedbir almalar\u0131 noktas\u0131nda uyard\u0131.<br \/>\n<br \/>Demircili badem ve kiraz \u00fcreticilerinin so\u011fuk hava ve zirai don uyar\u0131s\u0131 sebebiyle tarlalar\u0131nda tedbirler ald\u0131\u011f\u0131 gece saatlerinde tarlalar\u0131n\u0131n belli noktalar\u0131nda ate\u015f yakarak tedbir alacaklar\u0131 \u00f6\u011frenildi.<br \/><\/p>\n","protected":false},"excerpt":{"rendered":"<p>Manisa\u2019n\u0131n Demirci il\u00e7esinde ak\u015fam saatlerinde etkili olan kar ya\u011f\u0131\u015f\u0131 y\u00fcksek kesimleri beyaza b\u00fcr\u00fcd\u00fc. Nevruzla birlikte bahar\u0131n geli\u015fini kutlamaya haz\u0131rlanan Manisa\u2019da kar ya\u011f\u0131\u015f\u0131 etkili oldu. Manisa\u2019n\u0131n Demirci il\u00e7esinin y\u00fcksek kesimlerinde etkili olan kar ya\u011f\u0131\u015f\u0131yla da\u011fl\u0131k alanlar beyaza b\u00fcr\u00fcnd\u00fc. Kar ya\u011f\u0131\u015f\u0131 ve hafif f\u0131rt\u0131nan\u0131n etkili oldu\u011fu 1470 rak\u0131ml\u0131 Ak\u00e7akertik mevkii, Asitepe mevkii, T\u00fcrkmen Tepe, H\u0131\u015f\u0131r mevkiileri, Bardak\u00e7\u0131&#8230;<\/p>\n","protected":false},"author":1,"featured_media":25545,"comment_status":"open","ping_status":"open","sticky":false,"template":"","format":"standard","meta":{"_crdt_document":"","footnotes":""},"categories":[1],"tags":[],"class_list":["post-25544","post","type-post","status-publish","format-standard","has-post-thumbnail","hentry","category-guncel"],"_links":{"self":[{"href":"https:\/\/www.egemtv.com\/index.php?rest_route=\/wp\/v2\/posts\/25544","targetHints":{"allow":["GET"]}}],"collection":[{"href":"https:\/\/www.egemtv.com\/index.php?rest_route=\/wp\/v2\/posts"}],"about":[{"href":"https:\/\/www.egemtv.com\/index.php?rest_route=\/wp\/v2\/types\/post"}],"author":[{"embeddable":true,"href":"https:\/\/www.egemtv.com\/index.php?rest_route=\/wp\/v2\/users\/1"}],"replies":[{"embeddable":true,"href":"https:\/\/www.egemtv.com\/index.php?rest_route=%2Fwp%2Fv2%2Fcomments&post=25544"}],"version-history":[{"count":1,"href":"https:\/\/www.egemtv.com\/index.php?rest_route=\/wp\/v2\/posts\/25544\/revisions"}],"predecessor-version":[{"id":25546,"href":"https:\/\/www.egemtv.com\/index.php?rest_route=\/wp\/v2\/posts\/25544\/revisions\/25546"}],"wp:featuredmedia":[{"embeddable":true,"href":"https:\/\/www.egemtv.com\/index.php?rest_route=\/wp\/v2\/media\/25545"}],"wp:attachment":[{"href":"https:\/\/www.egemtv.com\/index.php?rest_route=%2Fwp%2Fv2%2Fmedia&parent=25544"}],"wp:term":[{"taxonomy":"category","embeddable":true,"href":"https:\/\/www.egemtv.com\/index.php?rest_route=%2Fwp%2Fv2%2Fcategories&post=25544"},{"taxonomy":"post_tag","embeddable":true,"href":"https:\/\/www.egemtv.com\/index.php?rest_route=%2Fwp%2Fv2%2Ftags&post=25544"}],"curies":[{"name":"wp","href":"https:\/\/api.w.org\/{rel}","templated":true}]}}