{"id":25541,"date":"2025-03-20T22:02:11","date_gmt":"2025-03-20T19:02:11","guid":{"rendered":"https:\/\/www.egemtv.com\/?p=25541"},"modified":"2025-03-20T22:02:15","modified_gmt":"2025-03-20T19:02:15","slug":"yem-karma-makinesine-dusen-sahis-hayatini-kaybetti","status":"publish","type":"post","link":"https:\/\/www.egemtv.com\/?p=25541","title":{"rendered":"Yem karma makinesine d\u00fc\u015fen \u015fah\u0131s hayat\u0131n\u0131 kaybetti"},"content":{"rendered":"<p>Mu\u011fla\u2019n\u0131n K\u00f6yce\u011fiz il\u00e7esinde yem karma makinesine d\u00fc\u015fen \u015fah\u0131s hayat\u0131n\u0131 kaybetti.<\/p>\n<p>Edinilen bilgiye g\u00f6re, K\u00f6yce\u011fiz Mahallesi\u2019nden Fevzi Karakartal (38) ak\u015fam saatlerine tek ba\u015f\u0131na evinin bah\u00e7esindeki samanlar\u0131 yem karma makinesine att\u0131\u011f\u0131 s\u0131rada dengesini kaybederek makinenin i\u00e7erisine d\u00fc\u015ft\u00fc. Karakartal\u2019\u0131n uzun s\u00fcre eve d\u00f6nmemesinden \u015f\u00fcphelenen yak\u0131nlar\u0131 \u015fahs\u0131 aramaya ba\u015flad\u0131. Karakartal yak\u0131nlar\u0131 taraf\u0131ndan yem karma makinas\u0131n\u0131n i\u00e7erisinde \u00f6l\u00fc olarak bulundu. 112 Acil \u00c7a\u011fr\u0131 Merkezi\u2019ne yap\u0131lan ihbar \u00fczerine b\u00f6lgeye sa\u011fl\u0131k, itfaiye ve jandarma ekipleri sevk edildi. K\u0131sa s\u00fcrede olay yerine gelen sa\u011fl\u0131k ekipleri yapt\u0131klar\u0131 kontrollerde Karakartal\u2019\u0131n hayat\u0131n\u0131 kaybetti\u011fini belirledi. Evli ve bir \u00e7ocuk babas\u0131 olan Karakartal\u2019\u0131n \u00f6l\u00fcm haberini alan yak\u0131nlar\u0131 yasa bo\u011fulurken, \u015fahs\u0131n cans\u0131z bedeni olay yeri inceleme \u00e7al\u0131\u015fmalar\u0131n\u0131n ard\u0131ndan hastane morguna kald\u0131r\u0131ld\u0131.<\/p>\n<p>Olayla ilgili soru\u015fturma s\u00fcr\u00fcyor.<br \/><\/p>\n","protected":false},"excerpt":{"rendered":"<p>Mu\u011fla\u2019n\u0131n K\u00f6yce\u011fiz il\u00e7esinde yem karma makinesine d\u00fc\u015fen \u015fah\u0131s hayat\u0131n\u0131 kaybetti. Edinilen bilgiye g\u00f6re, K\u00f6yce\u011fiz Mahallesi\u2019nden Fevzi Karakartal (38) ak\u015fam saatlerine tek ba\u015f\u0131na evinin bah\u00e7esindeki samanlar\u0131 yem karma makinesine att\u0131\u011f\u0131 s\u0131rada dengesini kaybederek makinenin i\u00e7erisine d\u00fc\u015ft\u00fc. Karakartal\u2019\u0131n uzun s\u00fcre eve d\u00f6nmemesinden \u015f\u00fcphelenen yak\u0131nlar\u0131 \u015fahs\u0131 aramaya ba\u015flad\u0131. Karakartal yak\u0131nlar\u0131 taraf\u0131ndan yem karma makinas\u0131n\u0131n i\u00e7erisinde \u00f6l\u00fc olarak bulundu&#8230;.<\/p>\n","protected":false},"author":1,"featured_media":25542,"comment_status":"open","ping_status":"open","sticky":false,"template":"","format":"standard","meta":{"_crdt_document":"","footnotes":""},"categories":[5],"tags":[],"class_list":["post-25541","post","type-post","status-publish","format-standard","has-post-thumbnail","hentry","category-asayis"],"_links":{"self":[{"href":"https:\/\/www.egemtv.com\/index.php?rest_route=\/wp\/v2\/posts\/25541","targetHints":{"allow":["GET"]}}],"collection":[{"href":"https:\/\/www.egemtv.com\/index.php?rest_route=\/wp\/v2\/posts"}],"about":[{"href":"https:\/\/www.egemtv.com\/index.php?rest_route=\/wp\/v2\/types\/post"}],"author":[{"embeddable":true,"href":"https:\/\/www.egemtv.com\/index.php?rest_route=\/wp\/v2\/users\/1"}],"replies":[{"embeddable":true,"href":"https:\/\/www.egemtv.com\/index.php?rest_route=%2Fwp%2Fv2%2Fcomments&post=25541"}],"version-history":[{"count":1,"href":"https:\/\/www.egemtv.com\/index.php?rest_route=\/wp\/v2\/posts\/25541\/revisions"}],"predecessor-version":[{"id":25543,"href":"https:\/\/www.egemtv.com\/index.php?rest_route=\/wp\/v2\/posts\/25541\/revisions\/25543"}],"wp:featuredmedia":[{"embeddable":true,"href":"https:\/\/www.egemtv.com\/index.php?rest_route=\/wp\/v2\/media\/25542"}],"wp:attachment":[{"href":"https:\/\/www.egemtv.com\/index.php?rest_route=%2Fwp%2Fv2%2Fmedia&parent=25541"}],"wp:term":[{"taxonomy":"category","embeddable":true,"href":"https:\/\/www.egemtv.com\/index.php?rest_route=%2Fwp%2Fv2%2Fcategories&post=25541"},{"taxonomy":"post_tag","embeddable":true,"href":"https:\/\/www.egemtv.com\/index.php?rest_route=%2Fwp%2Fv2%2Ftags&post=25541"}],"curies":[{"name":"wp","href":"https:\/\/api.w.org\/{rel}","templated":true}]}}