{"id":25532,"date":"2025-03-20T19:28:49","date_gmt":"2025-03-20T16:28:49","guid":{"rendered":"https:\/\/www.egemtv.com\/?p=25532"},"modified":"2025-03-20T19:28:53","modified_gmt":"2025-03-20T16:28:53","slug":"muftu-makas-iftarda-konusuyorum-projesine-konuk-oldu","status":"publish","type":"post","link":"https:\/\/www.egemtv.com\/?p=25532","title":{"rendered":"M\u00fcft\u00fc Makas \u2019\u0130ftarda konu\u015fuyorum\u2019 projesine konuk oldu"},"content":{"rendered":"<p>Selendi \u0130l\u00e7e M\u00fcft\u00fcs\u00fc Dervi\u015f Makas \u2019\u0130ftarda konu\u015fuyorum\u2019 projesi kapsam\u0131nda \u00f6\u011frencilerle bulu\u015ftu.<br \/>\n<br \/>Selendi \u0130l\u00e7e M\u00fcft\u00fcs\u00fc Dervi\u015f Makas, Milli E\u011fitim Bakanl\u0131\u011f\u0131 Erdem, De\u011fer, Eylem \u00e7er\u00e7evesinde zengin k\u00fclt\u00fcrel miras\u0131m\u0131z olan Milli ve manevi, de\u011ferlerin gen\u00e7 nesillere aktar\u0131lmas\u0131 amac\u0131yla iftarda konu\u015fuyorum projesi kapsam\u0131nda Mesleki ve Teknik Anadolu lisesi \u00f6\u011frencilerinin konu\u011fu oldu. Ho\u015fg\u00f6r\u00fc ve m\u00fcsamaha kavramlar\u0131 \u00fczerinden \u00f6\u011frencilerle hasbihalde bulunarak, sorular\u0131n\u0131 cevaplayan M\u00fcft\u00fc Makas, &#8220;\u00d6\u011frencilerimiz bizim gelece\u011fimiz. Onlar\u0131 bilgilendirmemiz laz\u0131m. K\u00fclt\u00fcrel miraslar\u0131m\u0131z\u0131 onlara anlatmak laz\u0131m. Manevi de\u011ferlerimizi kendileriyle payla\u015ft\u0131k.&#8221; dedi.<br \/>\n<br \/>Program sonunda M\u00fcft\u00fc Makas, \u00f6\u011frencilere diyanet yay\u0131nlar\u0131n\u0131 olan kitaplar\u0131 \u00f6\u011frencilere hediye etti.<br \/><\/p>\n","protected":false},"excerpt":{"rendered":"<p>Selendi \u0130l\u00e7e M\u00fcft\u00fcs\u00fc Dervi\u015f Makas \u2019\u0130ftarda konu\u015fuyorum\u2019 projesi kapsam\u0131nda \u00f6\u011frencilerle bulu\u015ftu. Selendi \u0130l\u00e7e M\u00fcft\u00fcs\u00fc Dervi\u015f Makas, Milli E\u011fitim Bakanl\u0131\u011f\u0131 Erdem, De\u011fer, Eylem \u00e7er\u00e7evesinde zengin k\u00fclt\u00fcrel miras\u0131m\u0131z olan Milli ve manevi, de\u011ferlerin gen\u00e7 nesillere aktar\u0131lmas\u0131 amac\u0131yla iftarda konu\u015fuyorum projesi kapsam\u0131nda Mesleki ve Teknik Anadolu lisesi \u00f6\u011frencilerinin konu\u011fu oldu. Ho\u015fg\u00f6r\u00fc ve m\u00fcsamaha kavramlar\u0131 \u00fczerinden \u00f6\u011frencilerle hasbihalde bulunarak,&#8230;<\/p>\n","protected":false},"author":1,"featured_media":25533,"comment_status":"open","ping_status":"open","sticky":false,"template":"","format":"standard","meta":{"_crdt_document":"","footnotes":""},"categories":[123],"tags":[],"class_list":["post-25532","post","type-post","status-publish","format-standard","has-post-thumbnail","hentry","category-gundem"],"_links":{"self":[{"href":"https:\/\/www.egemtv.com\/index.php?rest_route=\/wp\/v2\/posts\/25532","targetHints":{"allow":["GET"]}}],"collection":[{"href":"https:\/\/www.egemtv.com\/index.php?rest_route=\/wp\/v2\/posts"}],"about":[{"href":"https:\/\/www.egemtv.com\/index.php?rest_route=\/wp\/v2\/types\/post"}],"author":[{"embeddable":true,"href":"https:\/\/www.egemtv.com\/index.php?rest_route=\/wp\/v2\/users\/1"}],"replies":[{"embeddable":true,"href":"https:\/\/www.egemtv.com\/index.php?rest_route=%2Fwp%2Fv2%2Fcomments&post=25532"}],"version-history":[{"count":1,"href":"https:\/\/www.egemtv.com\/index.php?rest_route=\/wp\/v2\/posts\/25532\/revisions"}],"predecessor-version":[{"id":25534,"href":"https:\/\/www.egemtv.com\/index.php?rest_route=\/wp\/v2\/posts\/25532\/revisions\/25534"}],"wp:featuredmedia":[{"embeddable":true,"href":"https:\/\/www.egemtv.com\/index.php?rest_route=\/wp\/v2\/media\/25533"}],"wp:attachment":[{"href":"https:\/\/www.egemtv.com\/index.php?rest_route=%2Fwp%2Fv2%2Fmedia&parent=25532"}],"wp:term":[{"taxonomy":"category","embeddable":true,"href":"https:\/\/www.egemtv.com\/index.php?rest_route=%2Fwp%2Fv2%2Fcategories&post=25532"},{"taxonomy":"post_tag","embeddable":true,"href":"https:\/\/www.egemtv.com\/index.php?rest_route=%2Fwp%2Fv2%2Ftags&post=25532"}],"curies":[{"name":"wp","href":"https:\/\/api.w.org\/{rel}","templated":true}]}}