{"id":25529,"date":"2025-03-20T19:28:44","date_gmt":"2025-03-20T16:28:44","guid":{"rendered":"https:\/\/www.egemtv.com\/?p=25529"},"modified":"2025-03-20T19:28:49","modified_gmt":"2025-03-20T16:28:49","slug":"akhisarda-uyusturucu-operasyonu-3-tutuklama","status":"publish","type":"post","link":"https:\/\/www.egemtv.com\/?p=25529","title":{"rendered":"Akhisar\u2019da uyu\u015fturucu operasyonu: 3 tutuklama"},"content":{"rendered":"<p>Akhisar\u2019da emniyet ekipleri taraf\u0131ndan d\u00fczenlenen operasyonda, \u00e7ok miktarda sentetik ecza hap\u0131  ele ge\u00e7irildi. G\u00f6zalt\u0131na al\u0131nan 4 ki\u015fiden 3\u2019\u00fc tutuklan\u0131rken 1 ki\u015fi de adli kontrol \u015fart\u0131yla serbest kald\u0131.<br \/>\n<br \/>Akhisar Cumhuriyet Ba\u015fsavc\u0131l\u0131\u011f\u0131\u2019n\u0131n koordinasyonunda y\u00fcr\u00fct\u00fclen \u00e7al\u0131\u015fmalar kapsam\u0131nda, Akhisar \u0130l\u00e7e Emniyet M\u00fcd\u00fcrl\u00fc\u011f\u00fc, Asayi\u015f B\u00fcro Amirli\u011fi, Akhisar Narkotik Su\u00e7larla M\u00fccadele B\u00fcro Amirli\u011fi ve Akhisar \u0130stihbarat B\u00fcro Amirli\u011fi ekipleri, uyu\u015fturucu ticareti yapan \u015fah\u0131slara y\u00f6nelik ba\u015far\u0131l\u0131 bir sokak operasyonu d\u00fczenledi.<\/p>\n<p>48 bin adet sentetik ecza hap\u0131 ele ge\u00e7irildi<br \/>\n<br \/>Ekipler, yapt\u0131klar\u0131 teknik takip ve saha \u00e7al\u0131\u015fmalar\u0131 neticesinde, 35 plakal\u0131 bir arac\u0131 durdurarak arama ger\u00e7ekle\u015ftirdi. Ara\u00e7ta bulunan U.G. (38) isimli \u015fahs\u0131n \u00fczerinden 48 bin 781 adet sentetik ecza hap ele ge\u00e7irildi. Bu geli\u015fme \u00fczerine emniyet g\u00fc\u00e7leri operasyonu geni\u015fleterek, \u015f\u00fcpheliyle ba\u011flant\u0131l\u0131 oldu\u011fu tespit edilen 3 ki\u015fiyi daha g\u00f6zalt\u0131na ald\u0131. Operasyon kapsam\u0131nda U.G. (38) ile birlikte hareket etti\u011fi belirlenen E.S. (43), B.A. (22) ve G.K. (22) isimli \u015fah\u0131slar da emniyet ekipleri taraf\u0131ndan yakaland\u0131. \u015e\u00fcpheliler, Akhisar \u0130l\u00e7e Emniyet M\u00fcd\u00fcrl\u00fc\u011f\u00fc\u2019nde yap\u0131lan i\u015flemlerinin ard\u0131ndan adliyeye sevk edildi. Adli merciler taraf\u0131ndan U.G. (38), B.A. (22), G.K. (22) isimli \u015f\u00fcpheliler tutuklanarak cezaevine g\u00f6nderildi. E.S. (43) isimli kad\u0131n \u015f\u00fcpheli ise adli kontrol \u015fart\u0131yla serbest b\u0131rak\u0131ld\u0131.<br \/><\/p>\n","protected":false},"excerpt":{"rendered":"<p>Akhisar\u2019da emniyet ekipleri taraf\u0131ndan d\u00fczenlenen operasyonda, \u00e7ok miktarda sentetik ecza hap\u0131 ele ge\u00e7irildi. G\u00f6zalt\u0131na al\u0131nan 4 ki\u015fiden 3\u2019\u00fc tutuklan\u0131rken 1 ki\u015fi de adli kontrol \u015fart\u0131yla serbest kald\u0131. Akhisar Cumhuriyet Ba\u015fsavc\u0131l\u0131\u011f\u0131\u2019n\u0131n koordinasyonunda y\u00fcr\u00fct\u00fclen \u00e7al\u0131\u015fmalar kapsam\u0131nda, Akhisar \u0130l\u00e7e Emniyet M\u00fcd\u00fcrl\u00fc\u011f\u00fc, Asayi\u015f B\u00fcro Amirli\u011fi, Akhisar Narkotik Su\u00e7larla M\u00fccadele B\u00fcro Amirli\u011fi ve Akhisar \u0130stihbarat B\u00fcro Amirli\u011fi ekipleri, uyu\u015fturucu ticareti&#8230;<\/p>\n","protected":false},"author":1,"featured_media":25530,"comment_status":"open","ping_status":"open","sticky":false,"template":"","format":"standard","meta":{"_crdt_document":"","footnotes":""},"categories":[5],"tags":[],"class_list":["post-25529","post","type-post","status-publish","format-standard","has-post-thumbnail","hentry","category-asayis"],"_links":{"self":[{"href":"https:\/\/www.egemtv.com\/index.php?rest_route=\/wp\/v2\/posts\/25529","targetHints":{"allow":["GET"]}}],"collection":[{"href":"https:\/\/www.egemtv.com\/index.php?rest_route=\/wp\/v2\/posts"}],"about":[{"href":"https:\/\/www.egemtv.com\/index.php?rest_route=\/wp\/v2\/types\/post"}],"author":[{"embeddable":true,"href":"https:\/\/www.egemtv.com\/index.php?rest_route=\/wp\/v2\/users\/1"}],"replies":[{"embeddable":true,"href":"https:\/\/www.egemtv.com\/index.php?rest_route=%2Fwp%2Fv2%2Fcomments&post=25529"}],"version-history":[{"count":1,"href":"https:\/\/www.egemtv.com\/index.php?rest_route=\/wp\/v2\/posts\/25529\/revisions"}],"predecessor-version":[{"id":25531,"href":"https:\/\/www.egemtv.com\/index.php?rest_route=\/wp\/v2\/posts\/25529\/revisions\/25531"}],"wp:featuredmedia":[{"embeddable":true,"href":"https:\/\/www.egemtv.com\/index.php?rest_route=\/wp\/v2\/media\/25530"}],"wp:attachment":[{"href":"https:\/\/www.egemtv.com\/index.php?rest_route=%2Fwp%2Fv2%2Fmedia&parent=25529"}],"wp:term":[{"taxonomy":"category","embeddable":true,"href":"https:\/\/www.egemtv.com\/index.php?rest_route=%2Fwp%2Fv2%2Fcategories&post=25529"},{"taxonomy":"post_tag","embeddable":true,"href":"https:\/\/www.egemtv.com\/index.php?rest_route=%2Fwp%2Fv2%2Ftags&post=25529"}],"curies":[{"name":"wp","href":"https:\/\/api.w.org\/{rel}","templated":true}]}}