{"id":25526,"date":"2025-03-20T18:47:59","date_gmt":"2025-03-20T15:47:59","guid":{"rendered":"https:\/\/www.egemtv.com\/?p=25526"},"modified":"2025-03-20T18:48:03","modified_gmt":"2025-03-20T15:48:03","slug":"kutahya-osbden-otizm-farkindaligina-renkli-dokunus","status":"publish","type":"post","link":"https:\/\/www.egemtv.com\/?p=25526","title":{"rendered":"K\u00fctahya OSB\u2019den otizm fark\u0131ndal\u0131\u011f\u0131na renkli dokunu\u015f"},"content":{"rendered":"<p>K\u00fctahya Organize Sanayi B\u00f6lgesi M\u00fcd\u00fcrl\u00fc\u011f\u00fc, otizmli \u00e7ocuklar ile birlikte anlaml\u0131 bir etkinli\u011fe ev sahipli\u011fi yapt\u0131. K\u00fctahya OSB M\u00fcd\u00fcrl\u00fc\u011f\u00fc binas\u0131nda ger\u00e7ekle\u015fen etkinlikte, otizmli \u00e7ocuklar, e\u011fitmenleri ve K\u00fctahya OSB personelleri bir araya geldi. Etkinlikte, otizmin fark\u0131ndal\u0131\u011f\u0131n\u0131 simgeleyen renkli eller temas\u0131yla, \u00e7ocuklar, e\u011fitmenleri ve OSB personelleri tuvallere el bask\u0131s\u0131 yaparak ortak bir tablo olu\u015fturdu.<br \/>\n<br \/>Ortaya \u00e7\u0131kan bu \u00f6zel tablo, etkinli\u011fin sonunda \u00e7ocuklara hediye edilerek unutulmaz bir an\u0131 haline getirildi. Sanat\u0131n birle\u015ftirici g\u00fcc\u00fcyle otizme dikkat \u00e7ekilen etkinlikte, ne\u015feli ve samimi anlar ya\u015fand\u0131.<br \/>\n<br \/>K\u00fctahya OSB B\u00f6lge M\u00fcd\u00fcr\u00fc Tunahan Ergin, etkinli\u011fin sonunda \u00e7ocuklara \u00e7e\u015fitli s\u00fcrprizlerin yer ald\u0131\u011f\u0131 hediye \u00e7antalar\u0131 takdim etti. B\u00f6lge M\u00fcd\u00fcr\u00fc Tunahan Ergin, &#8220;Bug\u00fcn burada \u00e7ocuklar\u0131m\u0131zla birlikte hem e\u011flendik hem de otizme dikkat \u00e7ekmenin mutlulu\u011funu ya\u015fad\u0131k. Toplumun her kesiminde fark\u0131ndal\u0131k olu\u015fturmak ad\u0131na bu t\u00fcr etkinlikleri \u00f6nemseyerek s\u00fcrd\u00fcrece\u011fiz&#8221; ifadelerine yer verdi.<br \/>\n<br \/>K\u00fctahya Organize Sanayi B\u00f6lgesi, sosyal sorumluluk anlay\u0131\u015f\u0131yla hayata ge\u00e7irdi\u011fi etkinlikler ile toplumsal duyarl\u0131l\u0131\u011f\u0131 art\u0131rmaya ve fark\u0131ndal\u0131k olu\u015fturmaya devam ediyor.<br \/><\/p>\n","protected":false},"excerpt":{"rendered":"<p>K\u00fctahya Organize Sanayi B\u00f6lgesi M\u00fcd\u00fcrl\u00fc\u011f\u00fc, otizmli \u00e7ocuklar ile birlikte anlaml\u0131 bir etkinli\u011fe ev sahipli\u011fi yapt\u0131. K\u00fctahya OSB M\u00fcd\u00fcrl\u00fc\u011f\u00fc binas\u0131nda ger\u00e7ekle\u015fen etkinlikte, otizmli \u00e7ocuklar, e\u011fitmenleri ve K\u00fctahya OSB personelleri bir araya geldi. Etkinlikte, otizmin fark\u0131ndal\u0131\u011f\u0131n\u0131 simgeleyen renkli eller temas\u0131yla, \u00e7ocuklar, e\u011fitmenleri ve OSB personelleri tuvallere el bask\u0131s\u0131 yaparak ortak bir tablo olu\u015fturdu. Ortaya \u00e7\u0131kan bu \u00f6zel&#8230;<\/p>\n","protected":false},"author":1,"featured_media":25527,"comment_status":"open","ping_status":"open","sticky":false,"template":"","format":"standard","meta":{"_crdt_document":"","footnotes":""},"categories":[123],"tags":[],"class_list":["post-25526","post","type-post","status-publish","format-standard","has-post-thumbnail","hentry","category-gundem"],"_links":{"self":[{"href":"https:\/\/www.egemtv.com\/index.php?rest_route=\/wp\/v2\/posts\/25526","targetHints":{"allow":["GET"]}}],"collection":[{"href":"https:\/\/www.egemtv.com\/index.php?rest_route=\/wp\/v2\/posts"}],"about":[{"href":"https:\/\/www.egemtv.com\/index.php?rest_route=\/wp\/v2\/types\/post"}],"author":[{"embeddable":true,"href":"https:\/\/www.egemtv.com\/index.php?rest_route=\/wp\/v2\/users\/1"}],"replies":[{"embeddable":true,"href":"https:\/\/www.egemtv.com\/index.php?rest_route=%2Fwp%2Fv2%2Fcomments&post=25526"}],"version-history":[{"count":1,"href":"https:\/\/www.egemtv.com\/index.php?rest_route=\/wp\/v2\/posts\/25526\/revisions"}],"predecessor-version":[{"id":25528,"href":"https:\/\/www.egemtv.com\/index.php?rest_route=\/wp\/v2\/posts\/25526\/revisions\/25528"}],"wp:featuredmedia":[{"embeddable":true,"href":"https:\/\/www.egemtv.com\/index.php?rest_route=\/wp\/v2\/media\/25527"}],"wp:attachment":[{"href":"https:\/\/www.egemtv.com\/index.php?rest_route=%2Fwp%2Fv2%2Fmedia&parent=25526"}],"wp:term":[{"taxonomy":"category","embeddable":true,"href":"https:\/\/www.egemtv.com\/index.php?rest_route=%2Fwp%2Fv2%2Fcategories&post=25526"},{"taxonomy":"post_tag","embeddable":true,"href":"https:\/\/www.egemtv.com\/index.php?rest_route=%2Fwp%2Fv2%2Ftags&post=25526"}],"curies":[{"name":"wp","href":"https:\/\/api.w.org\/{rel}","templated":true}]}}