{"id":25520,"date":"2025-03-20T17:21:55","date_gmt":"2025-03-20T14:21:55","guid":{"rendered":"https:\/\/www.egemtv.com\/?p=25520"},"modified":"2025-03-20T17:22:00","modified_gmt":"2025-03-20T14:22:00","slug":"kusadasinda-yerel-uretici-pazari-buyuk-ilgi-goruyor","status":"publish","type":"post","link":"https:\/\/www.egemtv.com\/?p=25520","title":{"rendered":"Ku\u015fadas\u0131\u2019nda yerel \u00fcretici pazar\u0131 b\u00fcy\u00fck ilgi g\u00f6r\u00fcyor"},"content":{"rendered":"<p>Ku\u015fadas\u0131 Belediyesi taraf\u0131ndan kentin k\u0131rsal mahallerinde tar\u0131msal faaliyette bulunan \u00fcreticiler ile sa\u011fl\u0131kl\u0131 beslenmek isteyen t\u00fcketicileri arac\u0131s\u0131z bulu\u015fturmak amac\u0131yla her Per\u015fembe g\u00fcn\u00fc Cumhuriyet Mahallesi Bur\u00e7 Sokak\u2019ta kurulan Yerel \u00dcretici Pazar\u0131 b\u00fcy\u00fck ilgi g\u00f6rmeye devam ediyor.<\/p>\n<p>Ku\u015fadas\u0131 Belediyesi taraf\u0131ndan 2019 y\u0131l\u0131nda a\u00e7\u0131ld\u0131\u011f\u0131 ilk g\u00fcnden bu yana uygun fiyata do\u011fal ve sa\u011fl\u0131kl\u0131 beslenmek isteyenlerin vazge\u00e7ilmez adresi olan yerel \u00fcretici pazar\u0131n\u0131n tezg\u00e2hlar\u0131n\u0131 her Per\u015fembe g\u00fcn\u00fc mevsimlik g\u0131da \u00fcr\u00fcnleri s\u00fcsl\u00fcyor. Ku\u015fadas\u0131\u2019n\u0131n k\u0131rsal mahalleleri olan Kirazl\u0131, Caferli, \u00c7\u0131nar ve So\u011fucak\u2019ta ya\u015fayan yerel \u00fcreticilerin iyi tar\u0131m uygulamalar\u0131 ile \u00fcrettikleri mevsimlik \u00fcr\u00fcnlerini sat\u0131\u015fa sundu\u011fu pazar tezg\u00e2hlar\u0131, ilkbahar\u0131n geli\u015fi ile birlikte bin bir \u00e7e\u015fit Ege otu ile \u015fenlenirken y\u00f6reye has zeytin, zeytinya\u011f\u0131, incir gibi \u00fcr\u00fcnler de b\u00fcy\u00fck ilgi g\u00f6r\u00fcyor.<\/p>\n<p>Kad\u0131nlar taraf\u0131ndan \u00fcretilen ev yap\u0131m\u0131 sirke, re\u00e7el, tur\u015fu gibi \u00fcr\u00fcnlerin yan\u0131 s\u0131ra ke\u015fkek, sarma, a\u015fure, i\u00e7li k\u00f6fte, otlu b\u00f6rek gibi yerel tatlar da pazar\u0131n en \u00e7ok ra\u011fbet g\u00f6ren \u00fcr\u00fcnleri aras\u0131nda yer al\u0131yor.  Do\u011fal yollarla \u00fcretilen yumurta, bal ve s\u00fct tazelik ve lezzetleri ile dikkat \u00e7ekerken el a\u00e7mas\u0131 g\u00f6zleme ve bazlama tezg\u00e2hlar\u0131 ise pazara ayr\u0131 bir renk kat\u0131yor.<br \/><\/p>\n","protected":false},"excerpt":{"rendered":"<p>Ku\u015fadas\u0131 Belediyesi taraf\u0131ndan kentin k\u0131rsal mahallerinde tar\u0131msal faaliyette bulunan \u00fcreticiler ile sa\u011fl\u0131kl\u0131 beslenmek isteyen t\u00fcketicileri arac\u0131s\u0131z bulu\u015fturmak amac\u0131yla her Per\u015fembe g\u00fcn\u00fc Cumhuriyet Mahallesi Bur\u00e7 Sokak\u2019ta kurulan Yerel \u00dcretici Pazar\u0131 b\u00fcy\u00fck ilgi g\u00f6rmeye devam ediyor. Ku\u015fadas\u0131 Belediyesi taraf\u0131ndan 2019 y\u0131l\u0131nda a\u00e7\u0131ld\u0131\u011f\u0131 ilk g\u00fcnden bu yana uygun fiyata do\u011fal ve sa\u011fl\u0131kl\u0131 beslenmek isteyenlerin vazge\u00e7ilmez adresi olan yerel&#8230;<\/p>\n","protected":false},"author":1,"featured_media":25521,"comment_status":"open","ping_status":"open","sticky":false,"template":"","format":"standard","meta":{"_crdt_document":"","footnotes":""},"categories":[125],"tags":[],"class_list":["post-25520","post","type-post","status-publish","format-standard","has-post-thumbnail","hentry","category-ekonomi"],"_links":{"self":[{"href":"https:\/\/www.egemtv.com\/index.php?rest_route=\/wp\/v2\/posts\/25520","targetHints":{"allow":["GET"]}}],"collection":[{"href":"https:\/\/www.egemtv.com\/index.php?rest_route=\/wp\/v2\/posts"}],"about":[{"href":"https:\/\/www.egemtv.com\/index.php?rest_route=\/wp\/v2\/types\/post"}],"author":[{"embeddable":true,"href":"https:\/\/www.egemtv.com\/index.php?rest_route=\/wp\/v2\/users\/1"}],"replies":[{"embeddable":true,"href":"https:\/\/www.egemtv.com\/index.php?rest_route=%2Fwp%2Fv2%2Fcomments&post=25520"}],"version-history":[{"count":1,"href":"https:\/\/www.egemtv.com\/index.php?rest_route=\/wp\/v2\/posts\/25520\/revisions"}],"predecessor-version":[{"id":25522,"href":"https:\/\/www.egemtv.com\/index.php?rest_route=\/wp\/v2\/posts\/25520\/revisions\/25522"}],"wp:featuredmedia":[{"embeddable":true,"href":"https:\/\/www.egemtv.com\/index.php?rest_route=\/wp\/v2\/media\/25521"}],"wp:attachment":[{"href":"https:\/\/www.egemtv.com\/index.php?rest_route=%2Fwp%2Fv2%2Fmedia&parent=25520"}],"wp:term":[{"taxonomy":"category","embeddable":true,"href":"https:\/\/www.egemtv.com\/index.php?rest_route=%2Fwp%2Fv2%2Fcategories&post=25520"},{"taxonomy":"post_tag","embeddable":true,"href":"https:\/\/www.egemtv.com\/index.php?rest_route=%2Fwp%2Fv2%2Ftags&post=25520"}],"curies":[{"name":"wp","href":"https:\/\/api.w.org\/{rel}","templated":true}]}}